{"id":37418,"date":"2019-08-04T17:23:01","date_gmt":"2019-08-04T15:23:01","guid":{"rendered":"http:\/\/lesmaconsdelacreuse.fr\/annuaire\/?p=37418"},"modified":"2020-01-20T11:07:37","modified_gmt":"2020-01-20T10:07:37","slug":"m_259","status":"publish","type":"post","link":"https:\/\/www.lesmaconsdelacreuse.fr\/annuaires\/lettre-m\/m_259\/","title":{"rendered":"MARTINAUD Fran\u00e7ois Henri (1870-1904)"},"content":{"rendered":"<p class=\"last-updated\"><strong>Mis \u00e0 jour le :<\/strong> 27\/04\/2026<\/p><h2 style=\"text-align: center;\"><strong>Fran\u00e7ois Henri MARTINAUD<\/strong><\/h2>\n<p style=\"text-align: center;\"><strong>1870 &#8211; 1904<\/strong><\/p>\n<p style=\"text-align: center;\"><img decoding=\"async\" title=\"\" src=\"https:\/\/lesmaconsdelacreuse.fr\/annuaire\/wp-content\/uploads\/2019\/08\/image1-1172.jpg\" alt=\"\" data-asset-id=\"37416\" data-source-id=\"i.0\" \/><\/p>\n<h4 style=\"text-align: center;\"><span style=\"color: #008000;\"><strong>ma\u00e7on <\/strong>et<\/span> <span style=\"color: #008000;\"><strong>propri\u00e9taire cultivateur<\/strong><\/span><\/h4>\n<p style=\"text-align: center;\">n\u00e9 \u00e0 La Seauve (Saint-Martin-Ch\u00e2teau)<\/p>\n<p style=\"text-align: center;\">le 15 d\u00e9cembre 1870<\/p>\n<p style=\"text-align: center;\">fils de<\/p>\n<p style=\"text-align: center;\">L\u00e9onard MARTINAUD, <span style=\"color: #008000;\"><strong>ma\u00e7on<\/strong><\/span><\/p>\n<p style=\"text-align: center;\">Catherine LEBAYLE, cultivatrice<\/p>\n<p style=\"text-align: center;\"><span style=\"color: #ffffff;\">\u25d9<\/span><\/p>\n<p><strong>En 1891<\/strong><em>, Fran\u00e7ois travaille dans le <\/em><strong><span style=\"color: #0000ff;\">Rh\u00f4ne<\/span> <\/strong><em>et y passe le conseil de r\u00e9vision. Il est ajourn\u00e9 pour faiblesse, et reconnu apte <\/em>en 1893<em>.<\/em><\/p>\n<p><em>Il travaille \u00e0 <\/em><span style=\"color: #0000ff;\"><strong>Lyon (69)<\/strong><\/span><em>, et loge\u00a0:<\/em><\/p>\n<p><strong>en 1894<\/strong><em>, 7, rue Moncey\u00a0;<\/em><\/p>\n<p>en 1896<em>, au 17 de la m\u00eame rue.<\/em><\/p>\n<p><em> Il \u00e9pouse Anne Am\u00e9lie <\/em><strong>MARTINAUD <\/strong><em>le 23 janvier <\/em><strong>1897<\/strong><em> \u00e0 Saint-Martin-Ch\u00e2teau (contrat Va\u00efsse \u00e0 Bourganeuf). Ils habitent d\u2019abord Brudieux. <\/em><\/p>\n<p><strong>En 1900<\/strong><em>, revenu \u00e0 Lyon, Fran\u00e7ois loge 1, rue Dolet.<\/em><\/p>\n<p><strong>En 1904<\/strong><em>, les \u00e9poux habitent 24, rue Moncey, 3e arrondissement.<\/em><\/p>\n<p><em>Fran\u00e7ois d\u00e9c\u00e8de \u00e0 cette adresse le 25 d\u00e9cembre de la m\u00eame ann\u00e9e<\/em>,<em> \u00e2g\u00e9 de 34 ans.<\/em><\/p>\n<p><em>Sa veuve, revenue \u00e0 Brudieux, y d\u00e9c\u00e8de le 16 f\u00e9vrier <\/em>1965<em>, \u00e2g\u00e9e de 87 ans.<\/em><\/p>\n","protected":false},"excerpt":{"rendered":"<p>Mis \u00e0 jour le : 27\/04\/2026Fran\u00e7ois Henri MARTINAUD 1870 &#8211; 1904 ma\u00e7on et propri\u00e9taire cultivateur n\u00e9 \u00e0 La Seauve (Saint-Martin-Ch\u00e2teau) le 15 d\u00e9cembre 1870 fils de L\u00e9onard MARTINAUD, ma\u00e7on Catherine LEBAYLE, cultivatrice \u25d9 En 1891, Fran\u00e7ois travaille dans le Rh\u00f4ne et y passe le conseil de r\u00e9vision. Il est ajourn\u00e9 pour faiblesse, et reconnu apte ..<\/p>\n<div class=\"clear-fix\"><\/div>\n<p><a href=\"https:\/\/www.lesmaconsdelacreuse.fr\/annuaires\/lettre-m\/m_259\/\" title=\"Lire la suite...\">Lire la suite<\/a><\/p>\n","protected":false},"author":2,"featured_media":0,"comment_status":"closed","ping_status":"closed","sticky":false,"template":"","format":"standard","meta":{"_acf_changed":false,"_exactmetrics_skip_tracking":false,"_exactmetrics_sitenote_active":false,"_exactmetrics_sitenote_note":"","_exactmetrics_sitenote_category":0,"footnotes":""},"categories":[14],"tags":[],"class_list":["post-37418","post","type-post","status-publish","format-standard","hentry","category-lettre-m"],"acf":[],"_links":{"self":[{"href":"https:\/\/www.lesmaconsdelacreuse.fr\/annuaires\/wp-json\/wp\/v2\/posts\/37418","targetHints":{"allow":["GET"]}}],"collection":[{"href":"https:\/\/www.lesmaconsdelacreuse.fr\/annuaires\/wp-json\/wp\/v2\/posts"}],"about":[{"href":"https:\/\/www.lesmaconsdelacreuse.fr\/annuaires\/wp-json\/wp\/v2\/types\/post"}],"author":[{"embeddable":true,"href":"https:\/\/www.lesmaconsdelacreuse.fr\/annuaires\/wp-json\/wp\/v2\/users\/2"}],"replies":[{"embeddable":true,"href":"https:\/\/www.lesmaconsdelacreuse.fr\/annuaires\/wp-json\/wp\/v2\/comments?post=37418"}],"version-history":[{"count":0,"href":"https:\/\/www.lesmaconsdelacreuse.fr\/annuaires\/wp-json\/wp\/v2\/posts\/37418\/revisions"}],"wp:attachment":[{"href":"https:\/\/www.lesmaconsdelacreuse.fr\/annuaires\/wp-json\/wp\/v2\/media?parent=37418"}],"wp:term":[{"taxonomy":"category","embeddable":true,"href":"https:\/\/www.lesmaconsdelacreuse.fr\/annuaires\/wp-json\/wp\/v2\/categories?post=37418"},{"taxonomy":"post_tag","embeddable":true,"href":"https:\/\/www.lesmaconsdelacreuse.fr\/annuaires\/wp-json\/wp\/v2\/tags?post=37418"}],"curies":[{"name":"wp","href":"https:\/\/api.w.org\/{rel}","templated":true}]}}