{"id":37427,"date":"2019-08-04T17:23:01","date_gmt":"2019-08-04T15:23:01","guid":{"rendered":"http:\/\/lesmaconsdelacreuse.fr\/annuaire\/?p=37427"},"modified":"2022-02-25T20:14:07","modified_gmt":"2022-02-25T19:14:07","slug":"m_231","status":"publish","type":"post","link":"https:\/\/www.lesmaconsdelacreuse.fr\/annuaires\/lettre-m\/m_231\/","title":{"rendered":"MARTINAUD Aim\u00e9 Armand (1887-1970)"},"content":{"rendered":"<p class=\"last-updated\"><strong>Mis \u00e0 jour le :<\/strong> 27\/04\/2026<\/p><h2 style=\"text-align: center;\"><strong>Aim\u00e9 Armand MARTINAUD<\/strong><\/h2>\n<p style=\"text-align: center;\"><strong>1887 &#8211; 1970<\/strong><\/p>\n<p style=\"text-align: center;\"><img decoding=\"async\" title=\"\" src=\"https:\/\/lesmaconsdelacreuse.fr\/annuaire\/wp-content\/uploads\/2019\/08\/image1-1177.jpg\" alt=\"\" data-asset-id=\"37425\" data-source-id=\"i.0\" \/><\/p>\n<h4 style=\"text-align: center;\"><span style=\"color: #008000;\"><strong>plombier \u00e9lectricien<\/strong><\/span><\/h4>\n<p style=\"text-align: center;\">n\u00e9 \u00e0 Favareillas (Saint-Martin-Ch\u00e2teau)<\/p>\n<p style=\"text-align: center;\">le 16 ao\u00fbt 1887<\/p>\n<p style=\"text-align: center;\">fils de<\/p>\n<p style=\"text-align: center;\">Jean-Baptiste MARTINAUD,<span style=\"color: #008000;\"><strong> ma\u00e7on <\/strong><\/span><strong>\/ <\/strong>Louise BRUNET<\/p>\n<p style=\"text-align: center;\">propri\u00e9taires cultivateurs<\/p>\n<p style=\"text-align: center;\"><span style=\"color: #ffffff;\">\u25d9<\/span><\/p>\n<p><strong>En 1908<\/strong><em>, Aim\u00e9 travaille dans le <\/em><span style=\"color: #0000ff;\"><strong>Rh\u00f4ne <\/strong><\/span><em>et y passe le conseil de r\u00e9vision\u00a0;<\/em><\/p>\n<p><strong>En 1911<\/strong><em>, il habite <\/em><span style=\"color: #0000ff;\"><strong>Chamb\u00e9ry (73)<\/strong><\/span><em>, 6, place Saint-L\u00e9ger, puis <\/em><span style=\"color: #0000ff;\"><strong>Lyon (69)<\/strong><\/span><em>, 8, grande rue de la Guilloti\u00e8re\u00a0;<\/em><\/p>\n<p><strong>en 1915<\/strong><em>, toujours \u00e0 Lyon, 93, avenue de Saxe.<\/em><\/p>\n<p><em> Il \u00e9pouse Jeanne Marie Louise <\/em><strong>SAUNIER<\/strong><em> le 3 avril de la m\u00eame ann\u00e9e \u00e0 Lyon 6e\u00a0 (contrat Gaudin \u00e0 Millery).<\/em><\/p>\n<p><strong>De 1919 \u00e0 1926<\/strong> <em>au moins, les \u00e9poux habitent 2, rue Lafont, dans le 1er arrondissement. <\/em><\/p>\n<p><em>Aim\u00e9 d\u00e9c\u00e8de le 6 novembre <\/em><strong>1970<\/strong> <em>\u00e0 <\/em><span style=\"color: #0000ff;\"><strong>Annecy (74)<\/strong><\/span><em>, \u00e2g\u00e9 de 83 ans.<\/em><\/p>\n","protected":false},"excerpt":{"rendered":"<p>Mis \u00e0 jour le : 27\/04\/2026Aim\u00e9 Armand MARTINAUD 1887 &#8211; 1970 plombier \u00e9lectricien n\u00e9 \u00e0 Favareillas (Saint-Martin-Ch\u00e2teau) le 16 ao\u00fbt 1887 fils de Jean-Baptiste MARTINAUD, ma\u00e7on \/ Louise BRUNET propri\u00e9taires cultivateurs \u25d9 En 1908, Aim\u00e9 travaille dans le Rh\u00f4ne et y passe le conseil de r\u00e9vision\u00a0; En 1911, il habite Chamb\u00e9ry (73), 6, place Saint-L\u00e9ger, ..<\/p>\n<div class=\"clear-fix\"><\/div>\n<p><a href=\"https:\/\/www.lesmaconsdelacreuse.fr\/annuaires\/lettre-m\/m_231\/\" title=\"Lire la suite...\">Lire la suite<\/a><\/p>\n","protected":false},"author":2,"featured_media":0,"comment_status":"closed","ping_status":"closed","sticky":false,"template":"","format":"standard","meta":{"_acf_changed":false,"_exactmetrics_skip_tracking":false,"_exactmetrics_sitenote_active":false,"_exactmetrics_sitenote_note":"","_exactmetrics_sitenote_category":0,"footnotes":""},"categories":[14],"tags":[],"class_list":["post-37427","post","type-post","status-publish","format-standard","hentry","category-lettre-m"],"acf":[],"_links":{"self":[{"href":"https:\/\/www.lesmaconsdelacreuse.fr\/annuaires\/wp-json\/wp\/v2\/posts\/37427","targetHints":{"allow":["GET"]}}],"collection":[{"href":"https:\/\/www.lesmaconsdelacreuse.fr\/annuaires\/wp-json\/wp\/v2\/posts"}],"about":[{"href":"https:\/\/www.lesmaconsdelacreuse.fr\/annuaires\/wp-json\/wp\/v2\/types\/post"}],"author":[{"embeddable":true,"href":"https:\/\/www.lesmaconsdelacreuse.fr\/annuaires\/wp-json\/wp\/v2\/users\/2"}],"replies":[{"embeddable":true,"href":"https:\/\/www.lesmaconsdelacreuse.fr\/annuaires\/wp-json\/wp\/v2\/comments?post=37427"}],"version-history":[{"count":1,"href":"https:\/\/www.lesmaconsdelacreuse.fr\/annuaires\/wp-json\/wp\/v2\/posts\/37427\/revisions"}],"predecessor-version":[{"id":195441,"href":"https:\/\/www.lesmaconsdelacreuse.fr\/annuaires\/wp-json\/wp\/v2\/posts\/37427\/revisions\/195441"}],"wp:attachment":[{"href":"https:\/\/www.lesmaconsdelacreuse.fr\/annuaires\/wp-json\/wp\/v2\/media?parent=37427"}],"wp:term":[{"taxonomy":"category","embeddable":true,"href":"https:\/\/www.lesmaconsdelacreuse.fr\/annuaires\/wp-json\/wp\/v2\/categories?post=37427"},{"taxonomy":"post_tag","embeddable":true,"href":"https:\/\/www.lesmaconsdelacreuse.fr\/annuaires\/wp-json\/wp\/v2\/tags?post=37427"}],"curies":[{"name":"wp","href":"https:\/\/api.w.org\/{rel}","templated":true}]}}