{"id":37440,"date":"2019-08-04T17:23:00","date_gmt":"2019-08-04T15:23:00","guid":{"rendered":"http:\/\/lesmaconsdelacreuse.fr\/annuaire\/?p=37440"},"modified":"2020-01-20T11:07:39","modified_gmt":"2020-01-20T10:07:39","slug":"m_203","status":"publish","type":"post","link":"https:\/\/www.lesmaconsdelacreuse.fr\/annuaires\/lettre-m\/m_203\/","title":{"rendered":"MARTIN L\u00e9onard (1784-1853)"},"content":{"rendered":"<p class=\"last-updated\"><strong>Mis \u00e0 jour le :<\/strong> 27\/04\/2026<\/p><h2 style=\"text-align: center;\"><strong>L\u00e9onard MARTIN<\/strong><\/h2>\n<p style=\"text-align: center;\"><strong>1784 &#8211; 1853<\/strong><\/p>\n<p style=\"text-align: center;\"><img decoding=\"async\" title=\"\" src=\"https:\/\/lesmaconsdelacreuse.fr\/annuaire\/wp-content\/uploads\/2019\/08\/image1-1183.jpg\" alt=\"\" data-asset-id=\"37438\" data-source-id=\"i.0\" \/><\/p>\n<h4 style=\"text-align: center;\"><span style=\"color: #008000;\"><strong>ma\u00e7on <\/strong>et<\/span> <span style=\"color: #008000;\"><strong>propri\u00e9taire cultivateur<\/strong><\/span><\/h4>\n<p style=\"text-align: center;\">n\u00e9 \u00e0 Vauveix (Roy\u00e8re)<\/p>\n<p style=\"text-align: center;\">le 12 ao\u00fbt 1784<\/p>\n<p style=\"text-align: center;\">fils de<\/p>\n<p style=\"text-align: center;\">Fran\u00e7ois MARTIN \/ L\u00e9onarde RIGONDEAU<\/p>\n<p style=\"text-align: center;\">laboureurs<\/p>\n<p style=\"text-align: center;\"><span style=\"color: #ffffff;\">\u25d9<\/span><\/p>\n<p><strong>En 1808<\/strong><em>, L\u00e9onard travaille \u00e0 <\/em><span style=\"color: #0000ff;\"><strong>Saint-Priest-la-Prugne (42)<\/strong><\/span><em>.<\/em><\/p>\n<p><em>Il y \u00e9pouse Claudine <\/em><strong>VALLAT<\/strong><em> le 20 octobre de la m\u00eame ann\u00e9e. Ils habitent Vauveix par intermittence. <\/em><\/p>\n<p><em>Ils d\u00e9c\u00e8dent \u00e0 Auchaise, commune de Roy\u00e8re\u00a0:<\/em><\/p>\n<ul>\n<li><em>L\u00e9onard, le 13 avril <\/em><strong>1853<\/strong><em>, \u00e2g\u00e9 de 68 ans<\/em><\/li>\n<li><em>Claudine, le 4 avril <\/em><strong>1857<\/strong><em>, \u00e2g\u00e9e de 70 ans<\/em><\/li>\n<\/ul>\n","protected":false},"excerpt":{"rendered":"<p>Mis \u00e0 jour le : 27\/04\/2026L\u00e9onard MARTIN 1784 &#8211; 1853 ma\u00e7on et propri\u00e9taire cultivateur n\u00e9 \u00e0 Vauveix (Roy\u00e8re) le 12 ao\u00fbt 1784 fils de Fran\u00e7ois MARTIN \/ L\u00e9onarde RIGONDEAU laboureurs \u25d9 En 1808, L\u00e9onard travaille \u00e0 Saint-Priest-la-Prugne (42). Il y \u00e9pouse Claudine VALLAT le 20 octobre de la m\u00eame ann\u00e9e. Ils habitent Vauveix par intermittence. ..<\/p>\n<div class=\"clear-fix\"><\/div>\n<p><a href=\"https:\/\/www.lesmaconsdelacreuse.fr\/annuaires\/lettre-m\/m_203\/\" title=\"Lire la suite...\">Lire la suite<\/a><\/p>\n","protected":false},"author":2,"featured_media":0,"comment_status":"closed","ping_status":"closed","sticky":false,"template":"","format":"standard","meta":{"_acf_changed":false,"_exactmetrics_skip_tracking":false,"_exactmetrics_sitenote_active":false,"_exactmetrics_sitenote_note":"","_exactmetrics_sitenote_category":0,"footnotes":""},"categories":[14],"tags":[],"class_list":["post-37440","post","type-post","status-publish","format-standard","hentry","category-lettre-m"],"acf":[],"_links":{"self":[{"href":"https:\/\/www.lesmaconsdelacreuse.fr\/annuaires\/wp-json\/wp\/v2\/posts\/37440","targetHints":{"allow":["GET"]}}],"collection":[{"href":"https:\/\/www.lesmaconsdelacreuse.fr\/annuaires\/wp-json\/wp\/v2\/posts"}],"about":[{"href":"https:\/\/www.lesmaconsdelacreuse.fr\/annuaires\/wp-json\/wp\/v2\/types\/post"}],"author":[{"embeddable":true,"href":"https:\/\/www.lesmaconsdelacreuse.fr\/annuaires\/wp-json\/wp\/v2\/users\/2"}],"replies":[{"embeddable":true,"href":"https:\/\/www.lesmaconsdelacreuse.fr\/annuaires\/wp-json\/wp\/v2\/comments?post=37440"}],"version-history":[{"count":0,"href":"https:\/\/www.lesmaconsdelacreuse.fr\/annuaires\/wp-json\/wp\/v2\/posts\/37440\/revisions"}],"wp:attachment":[{"href":"https:\/\/www.lesmaconsdelacreuse.fr\/annuaires\/wp-json\/wp\/v2\/media?parent=37440"}],"wp:term":[{"taxonomy":"category","embeddable":true,"href":"https:\/\/www.lesmaconsdelacreuse.fr\/annuaires\/wp-json\/wp\/v2\/categories?post=37440"},{"taxonomy":"post_tag","embeddable":true,"href":"https:\/\/www.lesmaconsdelacreuse.fr\/annuaires\/wp-json\/wp\/v2\/tags?post=37440"}],"curies":[{"name":"wp","href":"https:\/\/api.w.org\/{rel}","templated":true}]}}