{"id":37441,"date":"2019-08-04T17:23:00","date_gmt":"2019-08-04T15:23:00","guid":{"rendered":"http:\/\/lesmaconsdelacreuse.fr\/annuaire\/?p=37441"},"modified":"2020-01-20T11:07:38","modified_gmt":"2020-01-20T10:07:38","slug":"m_200","status":"publish","type":"post","link":"https:\/\/www.lesmaconsdelacreuse.fr\/annuaires\/lettre-m\/m_200\/","title":{"rendered":"MARTIN Joseph (1851-1919)"},"content":{"rendered":"<p class=\"last-updated\"><strong>Mis \u00e0 jour le :<\/strong> 27\/04\/2026<\/p><h2 style=\"text-align: center;\"><strong>Joseph MARTIN<\/strong><\/h2>\n<p style=\"text-align: center;\"><strong>1851 &#8211; 1919<\/strong><\/p>\n<p style=\"text-align: center;\"><img decoding=\"async\" title=\"\" src=\"https:\/\/lesmaconsdelacreuse.fr\/annuaire\/wp-content\/uploads\/2019\/08\/image1-1184.jpg\" alt=\"\" data-asset-id=\"37439\" data-source-id=\"i.0\" \/><\/p>\n<h4 style=\"text-align: center;\"><span style=\"color: #008000;\"><strong>ma\u00e7on <\/strong>et<\/span> <span style=\"color: #008000;\"><strong>propri\u00e9taire cultivateur<\/strong><\/span><\/h4>\n<p style=\"text-align: center;\">n\u00e9<\/p>\n<p style=\"text-align: center;\">\u00e0 Vauveix (Roy\u00e8re)<\/p>\n<p style=\"text-align: center;\">le 1er novembre 1851<\/p>\n<p style=\"text-align: center;\">fils de<\/p>\n<p style=\"text-align: center;\">Louis MARTIN,<span style=\"color: #008000;\"><strong> ma\u00e7on<\/strong><\/span><\/p>\n<p style=\"text-align: center;\">Fran\u00e7oise CASSUS, cultivatrice<\/p>\n<p style=\"text-align: center;\"><span style=\"color: #ffffff;\">\u25d9<\/span><\/p>\n<p><strong>En 1874<\/strong><em>, Joseph habite Auchaise, commune de Roy\u00e8re, avec sa m\u00e8re.<\/em><\/p>\n<p><em>Il \u00e9pouse Jeanne <\/em><strong>L\u00c9GER<\/strong><em> le 2 f\u00e9vrier de la m\u00eame ann\u00e9e \u00e0 Gentioux (contrat Dufour). Ils vivent d\u2019abord \u00e0 Auchaise. <\/em><\/p>\n<p><em>Jeanne d\u00e9c\u00e8de \u00e0 Langladure le 17 ao\u00fbt <\/em><strong>1893<\/strong><em>, \u00e2g\u00e9e de 43 ans.<\/em><\/p>\n<p><em> Joseph se remarie le 5 mai <\/em><strong>1895<\/strong> <em>\u00e0 Roy\u00e8re avec Anne <\/em><strong>LAUZAT<\/strong><em>, veuve de Gabriel ANDRIEUX, ma\u00e7on (contrat Toumieux).<\/em><\/p>\n<p><em> Ils d\u00e9c\u00e8dent \u00e0 Langladure\u00a0:<\/em><\/p>\n<ul>\n<li><em>Joseph, le 7 juin <\/em><strong>1919<\/strong><em>, \u00e2g\u00e9 de 67 ans<\/em><\/li>\n<li><em>Anne, le 6 juillet <\/em><strong>1921<\/strong><em>, \u00e2g\u00e9e de 71 ans<\/em><\/li>\n<\/ul>\n","protected":false},"excerpt":{"rendered":"<p>Mis \u00e0 jour le : 27\/04\/2026Joseph MARTIN 1851 &#8211; 1919 ma\u00e7on et propri\u00e9taire cultivateur n\u00e9 \u00e0 Vauveix (Roy\u00e8re) le 1er novembre 1851 fils de Louis MARTIN, ma\u00e7on Fran\u00e7oise CASSUS, cultivatrice \u25d9 En 1874, Joseph habite Auchaise, commune de Roy\u00e8re, avec sa m\u00e8re. Il \u00e9pouse Jeanne L\u00c9GER le 2 f\u00e9vrier de la m\u00eame ann\u00e9e \u00e0 Gentioux ..<\/p>\n<div class=\"clear-fix\"><\/div>\n<p><a href=\"https:\/\/www.lesmaconsdelacreuse.fr\/annuaires\/lettre-m\/m_200\/\" title=\"Lire la suite...\">Lire la suite<\/a><\/p>\n","protected":false},"author":2,"featured_media":0,"comment_status":"closed","ping_status":"closed","sticky":false,"template":"","format":"standard","meta":{"_acf_changed":false,"_exactmetrics_skip_tracking":false,"_exactmetrics_sitenote_active":false,"_exactmetrics_sitenote_note":"","_exactmetrics_sitenote_category":0,"footnotes":""},"categories":[14],"tags":[],"class_list":["post-37441","post","type-post","status-publish","format-standard","hentry","category-lettre-m"],"acf":[],"_links":{"self":[{"href":"https:\/\/www.lesmaconsdelacreuse.fr\/annuaires\/wp-json\/wp\/v2\/posts\/37441","targetHints":{"allow":["GET"]}}],"collection":[{"href":"https:\/\/www.lesmaconsdelacreuse.fr\/annuaires\/wp-json\/wp\/v2\/posts"}],"about":[{"href":"https:\/\/www.lesmaconsdelacreuse.fr\/annuaires\/wp-json\/wp\/v2\/types\/post"}],"author":[{"embeddable":true,"href":"https:\/\/www.lesmaconsdelacreuse.fr\/annuaires\/wp-json\/wp\/v2\/users\/2"}],"replies":[{"embeddable":true,"href":"https:\/\/www.lesmaconsdelacreuse.fr\/annuaires\/wp-json\/wp\/v2\/comments?post=37441"}],"version-history":[{"count":0,"href":"https:\/\/www.lesmaconsdelacreuse.fr\/annuaires\/wp-json\/wp\/v2\/posts\/37441\/revisions"}],"wp:attachment":[{"href":"https:\/\/www.lesmaconsdelacreuse.fr\/annuaires\/wp-json\/wp\/v2\/media?parent=37441"}],"wp:term":[{"taxonomy":"category","embeddable":true,"href":"https:\/\/www.lesmaconsdelacreuse.fr\/annuaires\/wp-json\/wp\/v2\/categories?post=37441"},{"taxonomy":"post_tag","embeddable":true,"href":"https:\/\/www.lesmaconsdelacreuse.fr\/annuaires\/wp-json\/wp\/v2\/tags?post=37441"}],"curies":[{"name":"wp","href":"https:\/\/api.w.org\/{rel}","templated":true}]}}