{"id":37445,"date":"2019-08-04T17:23:00","date_gmt":"2019-08-04T15:23:00","guid":{"rendered":"http:\/\/lesmaconsdelacreuse.fr\/annuaire\/?p=37445"},"modified":"2020-01-20T11:07:38","modified_gmt":"2020-01-20T10:07:38","slug":"m_158","status":"publish","type":"post","link":"https:\/\/www.lesmaconsdelacreuse.fr\/annuaires\/lettre-m\/m_158\/","title":{"rendered":"MARTEAU Pierre (1830-1875)"},"content":{"rendered":"<p class=\"last-updated\"><strong>Mis \u00e0 jour le :<\/strong> 27\/04\/2026<\/p><h2 style=\"text-align: center;\"><strong>Pierre MARTEAU<\/strong><\/h2>\n<p style=\"text-align: center;\"><strong>1830 &#8211; 1875<\/strong><\/p>\n<p style=\"text-align: center;\"><img decoding=\"async\" title=\"\" src=\"https:\/\/lesmaconsdelacreuse.fr\/annuaire\/wp-content\/uploads\/2019\/08\/image1-1186.jpg\" alt=\"\" data-asset-id=\"37444\" data-source-id=\"i.0\" \/><\/p>\n<h4 style=\"text-align: center;\"><span style=\"color: #008000;\"><strong>ma\u00e7on<\/strong><\/span><\/h4>\n<p style=\"text-align: center;\">n\u00e9 \u00e0 Vaux (Roy\u00e8re)<\/p>\n<p style=\"text-align: center;\">le 16 d\u00e9cembre 1830<\/p>\n<p style=\"text-align: center;\">fils de<\/p>\n<p style=\"text-align: center;\">Jean MARTEAU, <span style=\"color: #008000;\"><strong>ma\u00e7on<\/strong><\/span><\/p>\n<p style=\"text-align: center;\">Marie BOUCAUD, cultivatrice<\/p>\n<p style=\"text-align: center;\"><span style=\"color: #ffffff;\">\u25d9<\/span><\/p>\n<p><strong>En 1862<\/strong><em>, Pierre travaille \u00e0 <\/em><span style=\"color: #0000ff;\"><strong>Lyon (69)<\/strong><\/span><em>. Il loge 38, rue Schmitt, apr\u00e8s avoir \u00e9t\u00e9 16, rue Jouffroy.<\/em><\/p>\n<p><em>Il \u00e9pouse Marie <\/em><strong>BONNEAU<\/strong><em>, le 8 f\u00e9vrier de la m\u00eame ann\u00e9e \u00e0 Lyon 2e\u00a0 (mari\u00e9s sans contrat)..<\/em><\/p>\n<p><strong>En 1863<\/strong><em>, ils habitent le 3e arrondissement\u00a0;<\/em><\/p>\n<p><strong>en 1875<\/strong><em>, 64, rue de S\u00e8ze.<\/em><\/p>\n<p><em>Pierre d\u00e9c\u00e8de le 5 juillet de la m\u00eame ann\u00e9e, 93, rue de Vauban, 6e arrondissement, \u00e2g\u00e9 de 44 ans.<\/em><\/p>\n","protected":false},"excerpt":{"rendered":"<p>Mis \u00e0 jour le : 27\/04\/2026Pierre MARTEAU 1830 &#8211; 1875 ma\u00e7on n\u00e9 \u00e0 Vaux (Roy\u00e8re) le 16 d\u00e9cembre 1830 fils de Jean MARTEAU, ma\u00e7on Marie BOUCAUD, cultivatrice \u25d9 En 1862, Pierre travaille \u00e0 Lyon (69). Il loge 38, rue Schmitt, apr\u00e8s avoir \u00e9t\u00e9 16, rue Jouffroy. Il \u00e9pouse Marie BONNEAU, le 8 f\u00e9vrier de la ..<\/p>\n<div class=\"clear-fix\"><\/div>\n<p><a href=\"https:\/\/www.lesmaconsdelacreuse.fr\/annuaires\/lettre-m\/m_158\/\" title=\"Lire la suite...\">Lire la suite<\/a><\/p>\n","protected":false},"author":2,"featured_media":0,"comment_status":"closed","ping_status":"closed","sticky":false,"template":"","format":"standard","meta":{"_acf_changed":false,"_exactmetrics_skip_tracking":false,"_exactmetrics_sitenote_active":false,"_exactmetrics_sitenote_note":"","_exactmetrics_sitenote_category":0,"footnotes":""},"categories":[14],"tags":[],"class_list":["post-37445","post","type-post","status-publish","format-standard","hentry","category-lettre-m"],"acf":[],"_links":{"self":[{"href":"https:\/\/www.lesmaconsdelacreuse.fr\/annuaires\/wp-json\/wp\/v2\/posts\/37445","targetHints":{"allow":["GET"]}}],"collection":[{"href":"https:\/\/www.lesmaconsdelacreuse.fr\/annuaires\/wp-json\/wp\/v2\/posts"}],"about":[{"href":"https:\/\/www.lesmaconsdelacreuse.fr\/annuaires\/wp-json\/wp\/v2\/types\/post"}],"author":[{"embeddable":true,"href":"https:\/\/www.lesmaconsdelacreuse.fr\/annuaires\/wp-json\/wp\/v2\/users\/2"}],"replies":[{"embeddable":true,"href":"https:\/\/www.lesmaconsdelacreuse.fr\/annuaires\/wp-json\/wp\/v2\/comments?post=37445"}],"version-history":[{"count":0,"href":"https:\/\/www.lesmaconsdelacreuse.fr\/annuaires\/wp-json\/wp\/v2\/posts\/37445\/revisions"}],"wp:attachment":[{"href":"https:\/\/www.lesmaconsdelacreuse.fr\/annuaires\/wp-json\/wp\/v2\/media?parent=37445"}],"wp:term":[{"taxonomy":"category","embeddable":true,"href":"https:\/\/www.lesmaconsdelacreuse.fr\/annuaires\/wp-json\/wp\/v2\/categories?post=37445"},{"taxonomy":"post_tag","embeddable":true,"href":"https:\/\/www.lesmaconsdelacreuse.fr\/annuaires\/wp-json\/wp\/v2\/tags?post=37445"}],"curies":[{"name":"wp","href":"https:\/\/api.w.org\/{rel}","templated":true}]}}