{"id":37448,"date":"2019-08-04T17:23:00","date_gmt":"2019-08-04T15:23:00","guid":{"rendered":"http:\/\/lesmaconsdelacreuse.fr\/annuaire\/?p=37448"},"modified":"2020-01-20T11:07:38","modified_gmt":"2020-01-20T10:07:38","slug":"m_214","status":"publish","type":"post","link":"https:\/\/www.lesmaconsdelacreuse.fr\/annuaires\/lettre-m\/m_214\/","title":{"rendered":"MARTIN Louis (1815-1869)"},"content":{"rendered":"<p class=\"last-updated\"><strong>Mis \u00e0 jour le :<\/strong> 27\/04\/2026<\/p><h2 style=\"text-align: center;\"><strong>Louis MARTIN<\/strong><\/h2>\n<p style=\"text-align: center;\"><strong>1815 &#8211; 1869<\/strong><\/p>\n<p style=\"text-align: center;\"><img loading=\"lazy\" decoding=\"async\" class=\"\" title=\"\" src=\"https:\/\/lesmaconsdelacreuse.fr\/annuaire\/wp-content\/uploads\/2019\/08\/image1-1187.jpg\" alt=\"\" width=\"418\" height=\"72\" data-asset-id=\"37447\" data-source-id=\"i.0\" \/><\/p>\n<h4 style=\"text-align: center;\"><span style=\"color: #008000;\"><strong>ma\u00e7on <\/strong>et<\/span> <span style=\"color: #008000;\"><strong>propri\u00e9taire cultivateur<\/strong><\/span><\/h4>\n<p style=\"text-align: center;\">n\u00e9 \u00e0 Vauveix (Roy\u00e8re)<\/p>\n<p style=\"text-align: center;\">le 12 avril 1815<\/p>\n<p style=\"text-align: center;\">fils de<\/p>\n<p style=\"text-align: center;\">Louis MARTIN \/ Th\u00e9r\u00e8se COUTISSON<\/p>\n<p style=\"text-align: center;\">propri\u00e9taires cultivateurs<\/p>\n<p style=\"text-align: center;\"><span style=\"color: #ffffff;\">\u25d9<\/span><\/p>\n<p><em>Louis \u00e9pouse Madeleine <\/em><strong>FLEYTOUX<\/strong><em> le 18 f\u00e9vrier <\/em><strong>1840<\/strong><em> \u00e0 Roy\u00e8re (contrat Toumieux). Il ne sait pas encore signer.<\/em><\/p>\n<p><em>Les \u00e9poux habitent Vauveix.<\/em><\/p>\n<p><em>Ils y d\u00e9c\u00e8dent\u00a0:<\/em><\/p>\n<ul>\n<li><em>Louis, le 31 mars <\/em><strong>1869<\/strong><em>, \u00e2g\u00e9 de 53 ans, apr\u00e8s avoir test\u00e9 le 10 mars devant Me Toumieux (il ne signe pas, vu son \u00e9tat de faiblesse)<\/em><\/li>\n<li><em>Madeleine, le 13 juillet <\/em><strong>1891<\/strong><em>, \u00e2g\u00e9e de 66 ans<\/em><\/li>\n<\/ul>\n","protected":false},"excerpt":{"rendered":"<p>Mis \u00e0 jour le : 27\/04\/2026Louis MARTIN 1815 &#8211; 1869 ma\u00e7on et propri\u00e9taire cultivateur n\u00e9 \u00e0 Vauveix (Roy\u00e8re) le 12 avril 1815 fils de Louis MARTIN \/ Th\u00e9r\u00e8se COUTISSON propri\u00e9taires cultivateurs \u25d9 Louis \u00e9pouse Madeleine FLEYTOUX le 18 f\u00e9vrier 1840 \u00e0 Roy\u00e8re (contrat Toumieux). Il ne sait pas encore signer. Les \u00e9poux habitent Vauveix. Ils ..<\/p>\n<div class=\"clear-fix\"><\/div>\n<p><a href=\"https:\/\/www.lesmaconsdelacreuse.fr\/annuaires\/lettre-m\/m_214\/\" title=\"Lire la suite...\">Lire la suite<\/a><\/p>\n","protected":false},"author":2,"featured_media":0,"comment_status":"closed","ping_status":"closed","sticky":false,"template":"","format":"standard","meta":{"_acf_changed":false,"_exactmetrics_skip_tracking":false,"_exactmetrics_sitenote_active":false,"_exactmetrics_sitenote_note":"","_exactmetrics_sitenote_category":0,"footnotes":""},"categories":[14],"tags":[],"class_list":["post-37448","post","type-post","status-publish","format-standard","hentry","category-lettre-m"],"acf":[],"_links":{"self":[{"href":"https:\/\/www.lesmaconsdelacreuse.fr\/annuaires\/wp-json\/wp\/v2\/posts\/37448","targetHints":{"allow":["GET"]}}],"collection":[{"href":"https:\/\/www.lesmaconsdelacreuse.fr\/annuaires\/wp-json\/wp\/v2\/posts"}],"about":[{"href":"https:\/\/www.lesmaconsdelacreuse.fr\/annuaires\/wp-json\/wp\/v2\/types\/post"}],"author":[{"embeddable":true,"href":"https:\/\/www.lesmaconsdelacreuse.fr\/annuaires\/wp-json\/wp\/v2\/users\/2"}],"replies":[{"embeddable":true,"href":"https:\/\/www.lesmaconsdelacreuse.fr\/annuaires\/wp-json\/wp\/v2\/comments?post=37448"}],"version-history":[{"count":0,"href":"https:\/\/www.lesmaconsdelacreuse.fr\/annuaires\/wp-json\/wp\/v2\/posts\/37448\/revisions"}],"wp:attachment":[{"href":"https:\/\/www.lesmaconsdelacreuse.fr\/annuaires\/wp-json\/wp\/v2\/media?parent=37448"}],"wp:term":[{"taxonomy":"category","embeddable":true,"href":"https:\/\/www.lesmaconsdelacreuse.fr\/annuaires\/wp-json\/wp\/v2\/categories?post=37448"},{"taxonomy":"post_tag","embeddable":true,"href":"https:\/\/www.lesmaconsdelacreuse.fr\/annuaires\/wp-json\/wp\/v2\/tags?post=37448"}],"curies":[{"name":"wp","href":"https:\/\/api.w.org\/{rel}","templated":true}]}}