{"id":37466,"date":"2019-08-04T17:22:27","date_gmt":"2019-08-04T15:22:27","guid":{"rendered":"http:\/\/lesmaconsdelacreuse.fr\/annuaire\/?p=37466"},"modified":"2021-03-28T08:09:38","modified_gmt":"2021-03-28T06:09:38","slug":"m_177","status":"publish","type":"post","link":"https:\/\/www.lesmaconsdelacreuse.fr\/annuaires\/lettre-m\/m_177\/","title":{"rendered":"MARTIN Fran\u00e7ois (1758-1816)"},"content":{"rendered":"<p class=\"last-updated\"><strong>Mis \u00e0 jour le :<\/strong> 29\/04\/2026<\/p><h2 style=\"text-align: center;\"><strong>Fran\u00e7ois MARTIN<\/strong><\/h2>\n<p style=\"text-align: center;\"><strong>1758 &#8211; 1816<\/strong><\/p>\n<p style=\"text-align: center;\"><img decoding=\"async\" title=\"\" src=\"https:\/\/lesmaconsdelacreuse.fr\/annuaire\/wp-content\/uploads\/2019\/08\/image1-1193.jpg\" alt=\"\" data-asset-id=\"37464\" data-source-id=\"i.0\" \/><\/p>\n<h4 style=\"text-align: center;\"><span style=\"color: #008000;\"><strong>ma\u00e7on <\/strong>et<\/span> <span style=\"color: #008000;\"><strong>propri\u00e9taire cultivateur<\/strong><\/span><\/h4>\n<p style=\"text-align: center;\">n\u00e9 \u00e0 Arpeix (Roy\u00e8re)<\/p>\n<p style=\"text-align: center;\">le 28 mars 1758<\/p>\n<p style=\"text-align: center;\">fils de<\/p>\n<p style=\"text-align: center;\">\u00c9tienne MARTIN, <span style=\"color: #008000;\"><strong>ma\u00eetre<\/strong> <strong>ma\u00e7on <\/strong><\/span><span style=\"color: #000000;\">\/\u00a0<\/span>Marie Madeleine JABOUILLE<\/p>\n<p style=\"text-align: center;\">laboureurs<\/p>\n<p style=\"text-align: center;\"><span style=\"color: #ffffff;\">\u25d9<\/span><\/p>\n<p><em>Fran\u00e7ois \u00e9pouse Jeanne <\/em><strong>N\u00c9OLIER<\/strong><em> le 4 f\u00e9vrier <\/em><strong>1777<\/strong><em> \u00e0 Roy\u00e8re.<\/em><\/p>\n<p><em> Ils habitent Arpeix.<\/em><\/p>\n<p><em>Ils y d\u00e9c\u00e8dent\u00a0:<\/em><\/p>\n<ul>\n<li><em>Fran\u00e7ois, le 17 mai <\/em><strong>1816<\/strong><em>, \u00e2g\u00e9 de 58 ans<\/em><\/li>\n<li><em>Jeanne, le 16 f\u00e9vrier <\/em><strong>1817<\/strong><em>, \u00e2g\u00e9e de 62 ans<\/em><\/li>\n<\/ul>\n","protected":false},"excerpt":{"rendered":"<p>Mis \u00e0 jour le : 29\/04\/2026Fran\u00e7ois MARTIN 1758 &#8211; 1816 ma\u00e7on et propri\u00e9taire cultivateur n\u00e9 \u00e0 Arpeix (Roy\u00e8re) le 28 mars 1758 fils de \u00c9tienne MARTIN, ma\u00eetre ma\u00e7on \/\u00a0Marie Madeleine JABOUILLE laboureurs \u25d9 Fran\u00e7ois \u00e9pouse Jeanne N\u00c9OLIER le 4 f\u00e9vrier 1777 \u00e0 Roy\u00e8re. Ils habitent Arpeix. Ils y d\u00e9c\u00e8dent\u00a0: Fran\u00e7ois, le 17 mai 1816, \u00e2g\u00e9 ..<\/p>\n<div class=\"clear-fix\"><\/div>\n<p><a href=\"https:\/\/www.lesmaconsdelacreuse.fr\/annuaires\/lettre-m\/m_177\/\" title=\"Lire la suite...\">Lire la suite<\/a><\/p>\n","protected":false},"author":2,"featured_media":0,"comment_status":"closed","ping_status":"closed","sticky":false,"template":"","format":"standard","meta":{"_acf_changed":false,"_exactmetrics_skip_tracking":false,"_exactmetrics_sitenote_active":false,"_exactmetrics_sitenote_note":"","_exactmetrics_sitenote_category":0,"footnotes":""},"categories":[14],"tags":[],"class_list":["post-37466","post","type-post","status-publish","format-standard","hentry","category-lettre-m"],"acf":[],"_links":{"self":[{"href":"https:\/\/www.lesmaconsdelacreuse.fr\/annuaires\/wp-json\/wp\/v2\/posts\/37466","targetHints":{"allow":["GET"]}}],"collection":[{"href":"https:\/\/www.lesmaconsdelacreuse.fr\/annuaires\/wp-json\/wp\/v2\/posts"}],"about":[{"href":"https:\/\/www.lesmaconsdelacreuse.fr\/annuaires\/wp-json\/wp\/v2\/types\/post"}],"author":[{"embeddable":true,"href":"https:\/\/www.lesmaconsdelacreuse.fr\/annuaires\/wp-json\/wp\/v2\/users\/2"}],"replies":[{"embeddable":true,"href":"https:\/\/www.lesmaconsdelacreuse.fr\/annuaires\/wp-json\/wp\/v2\/comments?post=37466"}],"version-history":[{"count":1,"href":"https:\/\/www.lesmaconsdelacreuse.fr\/annuaires\/wp-json\/wp\/v2\/posts\/37466\/revisions"}],"predecessor-version":[{"id":187910,"href":"https:\/\/www.lesmaconsdelacreuse.fr\/annuaires\/wp-json\/wp\/v2\/posts\/37466\/revisions\/187910"}],"wp:attachment":[{"href":"https:\/\/www.lesmaconsdelacreuse.fr\/annuaires\/wp-json\/wp\/v2\/media?parent=37466"}],"wp:term":[{"taxonomy":"category","embeddable":true,"href":"https:\/\/www.lesmaconsdelacreuse.fr\/annuaires\/wp-json\/wp\/v2\/categories?post=37466"},{"taxonomy":"post_tag","embeddable":true,"href":"https:\/\/www.lesmaconsdelacreuse.fr\/annuaires\/wp-json\/wp\/v2\/tags?post=37466"}],"curies":[{"name":"wp","href":"https:\/\/api.w.org\/{rel}","templated":true}]}}