{"id":37468,"date":"2019-08-04T17:22:26","date_gmt":"2019-08-04T15:22:26","guid":{"rendered":"http:\/\/lesmaconsdelacreuse.fr\/annuaire\/?p=37468"},"modified":"2022-04-16T15:17:28","modified_gmt":"2022-04-16T13:17:28","slug":"m_166","status":"publish","type":"post","link":"https:\/\/www.lesmaconsdelacreuse.fr\/annuaires\/lettre-m\/m_166\/","title":{"rendered":"MARTIN Antoine (1835\u2013apr\u00e8s 1918)"},"content":{"rendered":"<p class=\"last-updated\"><strong>Mis \u00e0 jour le :<\/strong> 29\/04\/2026<\/p><h2 style=\"text-align: center;\"><strong>Antoine MARTIN<\/strong><\/h2>\n<p style=\"text-align: center;\"><strong>Fran\u00e7ois MARTIN<\/strong><\/p>\n<p style=\"text-align: center;\"><strong>1835 \u2013 apr\u00e8s 1918<\/strong><\/p>\n<p style=\"text-align: center;\"><img loading=\"lazy\" decoding=\"async\" class=\"\" title=\"\" src=\"https:\/\/lesmaconsdelacreuse.fr\/annuaire\/wp-content\/uploads\/2019\/08\/image1-1194.jpg\" alt=\"\" width=\"262\" height=\"133\" data-asset-id=\"37465\" data-source-id=\"i.0\" \/><\/p>\n<h4 style=\"text-align: center;\"><strong>\u25ba\u00a0<a href=\"https:\/\/www.lesmaconsdelacreuse.fr\/annuaires\/wp-content\/uploads\/2020\/07\/MA\u00ceTRE-MA\u00c7ON.png\" target=\"_blank\" rel=\"noopener noreferrer\"><span style=\"color: #008000;\">ma\u00eetre ma\u00e7on<\/span><\/a>, <span style=\"color: #008000;\">aubergiste<\/span><\/strong>; <span style=\"color: #008000;\"><strong>propri\u00e9taire<\/strong><\/span><\/h4>\n<p>&nbsp;<\/p>\n<p style=\"text-align: center;\">n\u00e9 \u00e0 Arpeix (Roy\u00e8re)<\/p>\n<p style=\"text-align: center;\">le 24 novembre 1835<\/p>\n<p style=\"text-align: center;\">fils de<\/p>\n<p style=\"text-align: center;\">Pierre MARTIN, <span style=\"color: #008000;\"><strong>ma\u00eetre ma\u00e7on <\/strong><\/span><strong>\/ <\/strong>L\u00e9onarde LEGROS<\/p>\n<p style=\"text-align: center;\">propri\u00e9taires cultivateurs<\/p>\n<p style=\"text-align: center;\"><span style=\"color: #ffffff;\">\u25d9<\/span><\/p>\n<p><strong>En 1856<\/strong><em>, Antoine se pr\u00e9sente devant le conseil de r\u00e9vision avec une hernie.<\/em><\/p>\n<p><em>Il \u00e9pouse Marie <\/em><strong>AUPETIT<\/strong><em>, veuve de Jean MARG\u00c9RIDON, ma\u00e7on, le 10 f\u00e9vrier <\/em><strong>1866<\/strong><em> au Monteil-au-Vicomte (contrat Gloumeau). <\/em><\/p>\n<p>\u25ba<a href=\"https:\/\/www.lesmaconsdelacreuse.fr\/annuaires\/\/wp-content\/uploads\/DOCUMENTS\/1868_-_Antoine_MARTIN_a_Paris.pdf\" target=\"_blank\" rel=\"noopener noreferrer\"><span style=\"color: #000000;\"><strong>En 1868<\/strong><\/span><\/a><span style=\"color: #000000;\"><strong> et 1869<\/strong><\/span><em>, il travaille \u00e0 <\/em><span style=\"color: #0000ff;\"><strong>Paris (75)<\/strong><\/span><em>, et loge 63, rue Charenton, 12e arrondissement.<\/em><\/p>\n<p><strong>En 1871<\/strong><em>, il participe \u00e0 la Commune de Paris<\/em><strong>\u00a0<\/strong><em>; il s\u2019\u00e9chappe, mais il est arr\u00eat\u00e9 \u00e0 Gu\u00e9ret par les gendarmes. <\/em><\/p>\n<p><strong>D\u00e8s 1875<\/strong><em>, les \u00e9poux sont ensemble \u00e0 Paris 4e, et logent rue du Roi de Sicile, au 35, 31, puis 25.<\/em><\/p>\n<p><em>Marie d\u00e9c\u00e8de \u00e0 Roy\u00e8re le 15 mai <\/em><strong>1889<\/strong><em>, \u00e2g\u00e9e de 50 ans. <\/em><\/p>\n<p><em>Aubergiste, Antoine se remarie le 18 juillet de la m\u00eame ann\u00e9e \u00e0 Roy\u00e8re avec Jeanne <\/em><strong>LAIN\u00c9<\/strong><em>, cuisini\u00e8re, veuve de Jean LEBAYLE et de L\u00e9onard JABOUILLE, tous deux ma\u00e7ons<\/em> <em>(contrat Toumieux)\u00a0.<\/em><\/p>\n<p><strong>De 1903 \u00e0 1918<\/strong> <em>au moins<\/em><em>, ils habitent 368, rue de Vaugirard, 15<sup>e<\/sup> arrondissement.<\/em><\/p>\n","protected":false},"excerpt":{"rendered":"<p>Mis \u00e0 jour le : 29\/04\/2026Antoine MARTIN Fran\u00e7ois MARTIN 1835 \u2013 apr\u00e8s 1918 \u25ba\u00a0ma\u00eetre ma\u00e7on, aubergiste; propri\u00e9taire &nbsp; n\u00e9 \u00e0 Arpeix (Roy\u00e8re) le 24 novembre 1835 fils de Pierre MARTIN, ma\u00eetre ma\u00e7on \/ L\u00e9onarde LEGROS propri\u00e9taires cultivateurs \u25d9 En 1856, Antoine se pr\u00e9sente devant le conseil de r\u00e9vision avec une hernie. Il \u00e9pouse Marie AUPETIT, ..<\/p>\n<div class=\"clear-fix\"><\/div>\n<p><a href=\"https:\/\/www.lesmaconsdelacreuse.fr\/annuaires\/lettre-m\/m_166\/\" title=\"Lire la suite...\">Lire la suite<\/a><\/p>\n","protected":false},"author":2,"featured_media":0,"comment_status":"closed","ping_status":"closed","sticky":false,"template":"","format":"standard","meta":{"_acf_changed":false,"_exactmetrics_skip_tracking":false,"_exactmetrics_sitenote_active":false,"_exactmetrics_sitenote_note":"","_exactmetrics_sitenote_category":0,"footnotes":""},"categories":[14],"tags":[],"class_list":["post-37468","post","type-post","status-publish","format-standard","hentry","category-lettre-m"],"acf":[],"_links":{"self":[{"href":"https:\/\/www.lesmaconsdelacreuse.fr\/annuaires\/wp-json\/wp\/v2\/posts\/37468","targetHints":{"allow":["GET"]}}],"collection":[{"href":"https:\/\/www.lesmaconsdelacreuse.fr\/annuaires\/wp-json\/wp\/v2\/posts"}],"about":[{"href":"https:\/\/www.lesmaconsdelacreuse.fr\/annuaires\/wp-json\/wp\/v2\/types\/post"}],"author":[{"embeddable":true,"href":"https:\/\/www.lesmaconsdelacreuse.fr\/annuaires\/wp-json\/wp\/v2\/users\/2"}],"replies":[{"embeddable":true,"href":"https:\/\/www.lesmaconsdelacreuse.fr\/annuaires\/wp-json\/wp\/v2\/comments?post=37468"}],"version-history":[{"count":2,"href":"https:\/\/www.lesmaconsdelacreuse.fr\/annuaires\/wp-json\/wp\/v2\/posts\/37468\/revisions"}],"predecessor-version":[{"id":197789,"href":"https:\/\/www.lesmaconsdelacreuse.fr\/annuaires\/wp-json\/wp\/v2\/posts\/37468\/revisions\/197789"}],"wp:attachment":[{"href":"https:\/\/www.lesmaconsdelacreuse.fr\/annuaires\/wp-json\/wp\/v2\/media?parent=37468"}],"wp:term":[{"taxonomy":"category","embeddable":true,"href":"https:\/\/www.lesmaconsdelacreuse.fr\/annuaires\/wp-json\/wp\/v2\/categories?post=37468"},{"taxonomy":"post_tag","embeddable":true,"href":"https:\/\/www.lesmaconsdelacreuse.fr\/annuaires\/wp-json\/wp\/v2\/tags?post=37468"}],"curies":[{"name":"wp","href":"https:\/\/api.w.org\/{rel}","templated":true}]}}