{"id":37477,"date":"2019-08-04T17:22:27","date_gmt":"2019-08-04T15:22:27","guid":{"rendered":"http:\/\/lesmaconsdelacreuse.fr\/annuaire\/?p=37477"},"modified":"2020-01-20T11:08:03","modified_gmt":"2020-01-20T10:08:03","slug":"m_210","status":"publish","type":"post","link":"https:\/\/www.lesmaconsdelacreuse.fr\/annuaires\/lettre-m\/m_210\/","title":{"rendered":"MARTIN L\u00e9onard (1851\u2013apr\u00e8s 1878)"},"content":{"rendered":"<p class=\"last-updated\"><strong>Mis \u00e0 jour le :<\/strong> 29\/04\/2026<\/p><h2 style=\"text-align: center;\"><strong>L\u00e9onard MARTIN<\/strong><\/h2>\n<p style=\"text-align: center;\"><strong>Pierre MARTIN<\/strong><\/p>\n<p style=\"text-align: center;\"><strong>1851 \u2013 apr\u00e8s 1878<\/strong><\/p>\n<p style=\"text-align: center;\"><img decoding=\"async\" title=\"\" src=\"https:\/\/lesmaconsdelacreuse.fr\/annuaire\/wp-content\/uploads\/2019\/08\/image1-1198.jpg\" alt=\"\" data-asset-id=\"37476\" data-source-id=\"i.0\" \/><\/p>\n<h4 style=\"text-align: center;\"><span style=\"color: #008000;\"><strong>ma\u00e7on <\/strong>et<strong> cultivateur<\/strong><\/span><\/h4>\n<p style=\"text-align: center;\">n\u00e9 \u00e0 Chassat (Augne &#8211; 87)<\/p>\n<p style=\"text-align: center;\">le 17 novembre 1851<\/p>\n<p style=\"text-align: center;\">fils de<\/p>\n<p style=\"text-align: center;\">L\u00e9onard MARTIN \/ Marguerite FERLAUD<\/p>\n<p style=\"text-align: center;\">propri\u00e9taires cultivateurs<\/p>\n<p style=\"text-align: center;\"><span style=\"color: #ffffff;\">\u25d9<\/span><\/p>\n<p><strong>En 1872<\/strong><em>, Pierre habite Pont, commune de Saint-Martin-Ch\u00e2teau avec ses parents. Il est exempt\u00e9 du service de l\u2019arm\u00e9e active, ayant un fr\u00e8re sous les drapeaux, et vers\u00e9 dans la r\u00e9serve.<\/em><\/p>\n<p><em>Il \u00e9pouse Fran\u00e7oise <\/em><strong>BOUTY<\/strong><em> le 25 janvier <\/em><strong>1873<\/strong><em> \u00e0 Peyrat-le-Ch\u00e2teau (87 \u2013 contrat Tramonteil). Ils habitent Quenouille, m\u00eame commune.<\/em><\/p>\n","protected":false},"excerpt":{"rendered":"<p>Mis \u00e0 jour le : 29\/04\/2026L\u00e9onard MARTIN Pierre MARTIN 1851 \u2013 apr\u00e8s 1878 ma\u00e7on et cultivateur n\u00e9 \u00e0 Chassat (Augne &#8211; 87) le 17 novembre 1851 fils de L\u00e9onard MARTIN \/ Marguerite FERLAUD propri\u00e9taires cultivateurs \u25d9 En 1872, Pierre habite Pont, commune de Saint-Martin-Ch\u00e2teau avec ses parents. Il est exempt\u00e9 du service de l\u2019arm\u00e9e active, ..<\/p>\n<div class=\"clear-fix\"><\/div>\n<p><a href=\"https:\/\/www.lesmaconsdelacreuse.fr\/annuaires\/lettre-m\/m_210\/\" title=\"Lire la suite...\">Lire la suite<\/a><\/p>\n","protected":false},"author":2,"featured_media":0,"comment_status":"closed","ping_status":"closed","sticky":false,"template":"","format":"standard","meta":{"_acf_changed":false,"_exactmetrics_skip_tracking":false,"_exactmetrics_sitenote_active":false,"_exactmetrics_sitenote_note":"","_exactmetrics_sitenote_category":0,"footnotes":""},"categories":[14],"tags":[],"class_list":["post-37477","post","type-post","status-publish","format-standard","hentry","category-lettre-m"],"acf":[],"_links":{"self":[{"href":"https:\/\/www.lesmaconsdelacreuse.fr\/annuaires\/wp-json\/wp\/v2\/posts\/37477","targetHints":{"allow":["GET"]}}],"collection":[{"href":"https:\/\/www.lesmaconsdelacreuse.fr\/annuaires\/wp-json\/wp\/v2\/posts"}],"about":[{"href":"https:\/\/www.lesmaconsdelacreuse.fr\/annuaires\/wp-json\/wp\/v2\/types\/post"}],"author":[{"embeddable":true,"href":"https:\/\/www.lesmaconsdelacreuse.fr\/annuaires\/wp-json\/wp\/v2\/users\/2"}],"replies":[{"embeddable":true,"href":"https:\/\/www.lesmaconsdelacreuse.fr\/annuaires\/wp-json\/wp\/v2\/comments?post=37477"}],"version-history":[{"count":0,"href":"https:\/\/www.lesmaconsdelacreuse.fr\/annuaires\/wp-json\/wp\/v2\/posts\/37477\/revisions"}],"wp:attachment":[{"href":"https:\/\/www.lesmaconsdelacreuse.fr\/annuaires\/wp-json\/wp\/v2\/media?parent=37477"}],"wp:term":[{"taxonomy":"category","embeddable":true,"href":"https:\/\/www.lesmaconsdelacreuse.fr\/annuaires\/wp-json\/wp\/v2\/categories?post=37477"},{"taxonomy":"post_tag","embeddable":true,"href":"https:\/\/www.lesmaconsdelacreuse.fr\/annuaires\/wp-json\/wp\/v2\/tags?post=37477"}],"curies":[{"name":"wp","href":"https:\/\/api.w.org\/{rel}","templated":true}]}}