{"id":37488,"date":"2019-08-04T17:22:28","date_gmt":"2019-08-04T15:22:28","guid":{"rendered":"http:\/\/lesmaconsdelacreuse.fr\/annuaire\/?p=37488"},"modified":"2020-01-20T11:08:03","modified_gmt":"2020-01-20T10:08:03","slug":"m_147","status":"publish","type":"post","link":"https:\/\/www.lesmaconsdelacreuse.fr\/annuaires\/lettre-m\/m_147\/","title":{"rendered":"MARSALON Gabriel (vers 1727-1757)"},"content":{"rendered":"<p class=\"last-updated\"><strong>Mis \u00e0 jour le :<\/strong> 29\/04\/2026<\/p><h2 style=\"text-align: center;\"><strong>Gabriel MARSALON<\/strong><\/h2>\n<p style=\"text-align: center;\"><strong>vers 1727 &#8211; 1757<\/strong><\/p>\n<p style=\"text-align: center;\"><img decoding=\"async\" title=\"\" src=\"https:\/\/lesmaconsdelacreuse.fr\/annuaire\/wp-content\/uploads\/2019\/08\/image1-1202.jpg\" alt=\"\" data-asset-id=\"37486\" data-source-id=\"i.0\" \/><\/p>\n<h4 style=\"text-align: center;\"><span style=\"color: #008000;\"><strong>ma\u00e7on <\/strong>et<strong> laboureur<\/strong><\/span><\/h4>\n<p style=\"text-align: center;\">n\u00e9 \u00e0 Neipoux (Saint-Marc-\u00e0-Loubaud)\u00a0?<\/p>\n<p style=\"text-align: center;\">vers 1727<\/p>\n<p style=\"text-align: center;\">fils de<\/p>\n<p style=\"text-align: center;\">L\u00e9onard MARSALON \/ Louise LEPETIT<\/p>\n<p style=\"text-align: center;\"><span style=\"color: #ffffff;\">\u25d9<\/span><\/p>\n<p><em>Gabriel \u00e9pouse Th\u00e9r\u00e8se <\/em><strong>PANLOUX <\/strong><em>le 26 janvier <\/em><strong>1747<\/strong><em> \u00e0 Saint-Marc (contrat Mian \u00e0 Peyrat-le-Ch\u00e2teau \u2013 87). Ils habitent Favareillas, paroisse de Saint-Martin-Ch\u00e2teau.<\/em><\/p>\n<p><em>Marie y d\u00e9c\u00e8de le 6 f\u00e9vrier <\/em><strong>1754<\/strong><em>, \u00e2g\u00e9e de 30 ans environ. <\/em><\/p>\n<p><em>Gabriel se remarie le 27 janvier <\/em><strong>1755<\/strong> <em>\u00e0 Saint-Martin avec Th\u00e9r\u00e8se <\/em><strong>LELARGE<\/strong><em>, servante, veuve de L\u00e9onard CHANTOURY. <\/em><\/p>\n<p><em>Il d\u00e9c\u00e8de \u00e0 Favareillas le 4 janvier <\/em><strong>1757<\/strong><em>, \u00e2g\u00e9 de 30 ans environ. <\/em><\/p>\n<p><em>Sa veuve se remarie en 1760 avec L\u00e9onard PANLOUX. <\/em><\/p>\n","protected":false},"excerpt":{"rendered":"<p>Mis \u00e0 jour le : 29\/04\/2026Gabriel MARSALON vers 1727 &#8211; 1757 ma\u00e7on et laboureur n\u00e9 \u00e0 Neipoux (Saint-Marc-\u00e0-Loubaud)\u00a0? vers 1727 fils de L\u00e9onard MARSALON \/ Louise LEPETIT \u25d9 Gabriel \u00e9pouse Th\u00e9r\u00e8se PANLOUX le 26 janvier 1747 \u00e0 Saint-Marc (contrat Mian \u00e0 Peyrat-le-Ch\u00e2teau \u2013 87). Ils habitent Favareillas, paroisse de Saint-Martin-Ch\u00e2teau. Marie y d\u00e9c\u00e8de le 6 ..<\/p>\n<div class=\"clear-fix\"><\/div>\n<p><a href=\"https:\/\/www.lesmaconsdelacreuse.fr\/annuaires\/lettre-m\/m_147\/\" title=\"Lire la suite...\">Lire la suite<\/a><\/p>\n","protected":false},"author":2,"featured_media":0,"comment_status":"closed","ping_status":"closed","sticky":false,"template":"","format":"standard","meta":{"_acf_changed":false,"_exactmetrics_skip_tracking":false,"_exactmetrics_sitenote_active":false,"_exactmetrics_sitenote_note":"","_exactmetrics_sitenote_category":0,"footnotes":""},"categories":[14],"tags":[],"class_list":["post-37488","post","type-post","status-publish","format-standard","hentry","category-lettre-m"],"acf":[],"_links":{"self":[{"href":"https:\/\/www.lesmaconsdelacreuse.fr\/annuaires\/wp-json\/wp\/v2\/posts\/37488","targetHints":{"allow":["GET"]}}],"collection":[{"href":"https:\/\/www.lesmaconsdelacreuse.fr\/annuaires\/wp-json\/wp\/v2\/posts"}],"about":[{"href":"https:\/\/www.lesmaconsdelacreuse.fr\/annuaires\/wp-json\/wp\/v2\/types\/post"}],"author":[{"embeddable":true,"href":"https:\/\/www.lesmaconsdelacreuse.fr\/annuaires\/wp-json\/wp\/v2\/users\/2"}],"replies":[{"embeddable":true,"href":"https:\/\/www.lesmaconsdelacreuse.fr\/annuaires\/wp-json\/wp\/v2\/comments?post=37488"}],"version-history":[{"count":0,"href":"https:\/\/www.lesmaconsdelacreuse.fr\/annuaires\/wp-json\/wp\/v2\/posts\/37488\/revisions"}],"wp:attachment":[{"href":"https:\/\/www.lesmaconsdelacreuse.fr\/annuaires\/wp-json\/wp\/v2\/media?parent=37488"}],"wp:term":[{"taxonomy":"category","embeddable":true,"href":"https:\/\/www.lesmaconsdelacreuse.fr\/annuaires\/wp-json\/wp\/v2\/categories?post=37488"},{"taxonomy":"post_tag","embeddable":true,"href":"https:\/\/www.lesmaconsdelacreuse.fr\/annuaires\/wp-json\/wp\/v2\/tags?post=37488"}],"curies":[{"name":"wp","href":"https:\/\/api.w.org\/{rel}","templated":true}]}}