{"id":37490,"date":"2019-08-04T17:22:28","date_gmt":"2019-08-04T15:22:28","guid":{"rendered":"http:\/\/lesmaconsdelacreuse.fr\/annuaire\/?p=37490"},"modified":"2020-01-20T11:08:02","modified_gmt":"2020-01-20T10:08:02","slug":"m_224","status":"publish","type":"post","link":"https:\/\/www.lesmaconsdelacreuse.fr\/annuaires\/lettre-m\/m_224\/","title":{"rendered":"MARTIN Paul (1855\u2013apr\u00e8s 1901)"},"content":{"rendered":"<p class=\"last-updated\"><strong>Mis \u00e0 jour le :<\/strong> 29\/04\/2026<\/p><h2 style=\"text-align: center;\"><strong>Paul MARTIN<\/strong><\/h2>\n<p style=\"text-align: center;\"><strong>1855 \u2013 apr\u00e8s 1901<\/strong><\/p>\n<p style=\"text-align: center;\"><img loading=\"lazy\" decoding=\"async\" class=\"\" title=\"\" src=\"https:\/\/lesmaconsdelacreuse.fr\/annuaire\/wp-content\/uploads\/2019\/08\/image1-1203.jpg\" alt=\"\" width=\"197\" height=\"68\" data-asset-id=\"37489\" data-source-id=\"i.0\" \/><\/p>\n<h4 style=\"text-align: center;\"><span style=\"color: #008000;\"><strong>ma\u00e7on<\/strong><\/span><\/h4>\n<p style=\"text-align: center;\">n\u00e9 \u00e0 Favareillas (Saint-Martin-Ch\u00e2teau)<\/p>\n<p style=\"text-align: center;\">le 7 juillet 1855<\/p>\n<p style=\"text-align: center;\">fils de<\/p>\n<p style=\"text-align: center;\">Jean MARTIN, <span style=\"color: #008000;\"><strong>ma\u00e7on<\/strong><\/span><\/p>\n<p style=\"text-align: center;\">Jeanne LAUDINAS, cultivatrice<\/p>\n<p style=\"text-align: center;\"><span style=\"color: #ffffff;\">\u25d9<\/span><\/p>\n<p><strong>En 1876<\/strong><em>, Paul travaille \u00e0 <\/em><span style=\"color: #0000ff;\"><strong>Lyon (69)<\/strong><\/span><em>, et y passe le conseil de r\u00e9vision. Il loge 3, rue Bellecordi\u00e8re.<\/em><\/p>\n<p><em>Il \u00e9pouse Marie <\/em><strong>BUCHENAUD<\/strong><em> le 24 janvier <\/em><strong>1882<\/strong><em> \u00e0 Peyrat-le-Ch\u00e2teau (87 \u2013 contrat Tramonteil).<\/em><\/p>\n<p><strong>En 1885<\/strong><em>, revenu \u00e0 Lyon, et loge 23, rue Louis Blanc\u00a0;<\/em><\/p>\n<p><strong>en 1893<\/strong><em>, \u00e0 <\/em><span style=\"color: #0000ff;\"><strong>Viriville (38)<\/strong><\/span><em>\u00a0;<\/em><\/p>\n<p><strong>en 1896<\/strong><em>, \u00e0 Lyon, logeant 22, rue Moncey.<\/em><\/p>\n","protected":false},"excerpt":{"rendered":"<p>Mis \u00e0 jour le : 29\/04\/2026Paul MARTIN 1855 \u2013 apr\u00e8s 1901 ma\u00e7on n\u00e9 \u00e0 Favareillas (Saint-Martin-Ch\u00e2teau) le 7 juillet 1855 fils de Jean MARTIN, ma\u00e7on Jeanne LAUDINAS, cultivatrice \u25d9 En 1876, Paul travaille \u00e0 Lyon (69), et y passe le conseil de r\u00e9vision. Il loge 3, rue Bellecordi\u00e8re. Il \u00e9pouse Marie BUCHENAUD le 24 janvier ..<\/p>\n<div class=\"clear-fix\"><\/div>\n<p><a href=\"https:\/\/www.lesmaconsdelacreuse.fr\/annuaires\/lettre-m\/m_224\/\" title=\"Lire la suite...\">Lire la suite<\/a><\/p>\n","protected":false},"author":2,"featured_media":0,"comment_status":"closed","ping_status":"closed","sticky":false,"template":"","format":"standard","meta":{"_acf_changed":false,"_exactmetrics_skip_tracking":false,"_exactmetrics_sitenote_active":false,"_exactmetrics_sitenote_note":"","_exactmetrics_sitenote_category":0,"footnotes":""},"categories":[14],"tags":[],"class_list":["post-37490","post","type-post","status-publish","format-standard","hentry","category-lettre-m"],"acf":[],"_links":{"self":[{"href":"https:\/\/www.lesmaconsdelacreuse.fr\/annuaires\/wp-json\/wp\/v2\/posts\/37490","targetHints":{"allow":["GET"]}}],"collection":[{"href":"https:\/\/www.lesmaconsdelacreuse.fr\/annuaires\/wp-json\/wp\/v2\/posts"}],"about":[{"href":"https:\/\/www.lesmaconsdelacreuse.fr\/annuaires\/wp-json\/wp\/v2\/types\/post"}],"author":[{"embeddable":true,"href":"https:\/\/www.lesmaconsdelacreuse.fr\/annuaires\/wp-json\/wp\/v2\/users\/2"}],"replies":[{"embeddable":true,"href":"https:\/\/www.lesmaconsdelacreuse.fr\/annuaires\/wp-json\/wp\/v2\/comments?post=37490"}],"version-history":[{"count":0,"href":"https:\/\/www.lesmaconsdelacreuse.fr\/annuaires\/wp-json\/wp\/v2\/posts\/37490\/revisions"}],"wp:attachment":[{"href":"https:\/\/www.lesmaconsdelacreuse.fr\/annuaires\/wp-json\/wp\/v2\/media?parent=37490"}],"wp:term":[{"taxonomy":"category","embeddable":true,"href":"https:\/\/www.lesmaconsdelacreuse.fr\/annuaires\/wp-json\/wp\/v2\/categories?post=37490"},{"taxonomy":"post_tag","embeddable":true,"href":"https:\/\/www.lesmaconsdelacreuse.fr\/annuaires\/wp-json\/wp\/v2\/tags?post=37490"}],"curies":[{"name":"wp","href":"https:\/\/api.w.org\/{rel}","templated":true}]}}