{"id":37492,"date":"2019-08-04T17:22:28","date_gmt":"2019-08-04T15:22:28","guid":{"rendered":"http:\/\/lesmaconsdelacreuse.fr\/annuaire\/?p=37492"},"modified":"2020-10-12T15:59:39","modified_gmt":"2020-10-12T13:59:39","slug":"m_174","status":"publish","type":"post","link":"https:\/\/www.lesmaconsdelacreuse.fr\/annuaires\/lettre-m\/m_174\/","title":{"rendered":"MARTIN \u00c9tienne (1737\u2013entre 1777 et 1787)"},"content":{"rendered":"<p class=\"last-updated\"><strong>Mis \u00e0 jour le :<\/strong> 29\/04\/2026<\/p><h2 style=\"text-align: center;\"><strong>\u00c9tienne MARTIN<\/strong><\/h2>\n<p style=\"text-align: center;\"><strong>1737 \u2013 entre 1777 et 1787<\/strong><\/p>\n<p style=\"text-align: center;\"><img decoding=\"async\" title=\"\" src=\"https:\/\/lesmaconsdelacreuse.fr\/annuaire\/wp-content\/uploads\/2019\/08\/image1-1204.jpg\" alt=\"\" data-asset-id=\"37491\" data-source-id=\"i.0\" \/><\/p>\n<h4 style=\"text-align: center;\"><strong>\u25ba\u00a0<a href=\"https:\/\/www.lesmaconsdelacreuse.fr\/annuaires\/wp-content\/uploads\/2020\/07\/MA\u00ceTRE-MA\u00c7ON.png\" target=\"_blank\" rel=\"noopener noreferrer\"><span style=\"color: #008000;\">ma\u00eetre ma\u00e7on<\/span><\/a>\u00a0<\/strong><span style=\"color: #008000;\">et<strong> laboureur<\/strong><\/span><\/h4>\n<p>&nbsp;<\/p>\n<p style=\"text-align: center;\">n\u00e9 \u00e0 Arpeix (Roy\u00e8re)<\/p>\n<p style=\"text-align: center;\">baptis\u00e9 le 27 janvier 1737 \u00e0 Roy\u00e8re<\/p>\n<p style=\"text-align: center;\">fils de<\/p>\n<p style=\"text-align: center;\">Fran\u00e7ois MARTIN \/ Th\u00e9r\u00e8se BOURDEAU<\/p>\n<p style=\"text-align: center;\">laboureurs<\/p>\n<p style=\"text-align: center;\"><span style=\"color: #ffffff;\">\u25d9<\/span><\/p>\n<p><em>\u00c9tienne \u00e9pouse Marie Madeleine <\/em><strong>JABOUILLE<\/strong><em> le 19 janvier <\/em><strong>1756<\/strong> <em>\u00e0 Roy\u00e8re (contrat Coutisson). <\/em><\/p>\n<p><em>Ils habitent Arpeix.<\/em><\/p>\n<p><em>Madeleine y d\u00e9c\u00e8de veuve le 18 niv\u00f4se an XII (9 janvier <\/em><strong>1804<\/strong><em>), \u00e2g\u00e9e de 76 ans.<\/em><\/p>\n<p>&nbsp;<\/p>\n","protected":false},"excerpt":{"rendered":"<p>Mis \u00e0 jour le : 29\/04\/2026\u00c9tienne MARTIN 1737 \u2013 entre 1777 et 1787 \u25ba\u00a0ma\u00eetre ma\u00e7on\u00a0et laboureur &nbsp; n\u00e9 \u00e0 Arpeix (Roy\u00e8re) baptis\u00e9 le 27 janvier 1737 \u00e0 Roy\u00e8re fils de Fran\u00e7ois MARTIN \/ Th\u00e9r\u00e8se BOURDEAU laboureurs \u25d9 \u00c9tienne \u00e9pouse Marie Madeleine JABOUILLE le 19 janvier 1756 \u00e0 Roy\u00e8re (contrat Coutisson). Ils habitent Arpeix. Madeleine y ..<\/p>\n<div class=\"clear-fix\"><\/div>\n<p><a href=\"https:\/\/www.lesmaconsdelacreuse.fr\/annuaires\/lettre-m\/m_174\/\" title=\"Lire la suite...\">Lire la suite<\/a><\/p>\n","protected":false},"author":2,"featured_media":0,"comment_status":"closed","ping_status":"closed","sticky":false,"template":"","format":"standard","meta":{"_acf_changed":false,"_exactmetrics_skip_tracking":false,"_exactmetrics_sitenote_active":false,"_exactmetrics_sitenote_note":"","_exactmetrics_sitenote_category":0,"footnotes":""},"categories":[14],"tags":[],"class_list":["post-37492","post","type-post","status-publish","format-standard","hentry","category-lettre-m"],"acf":[],"_links":{"self":[{"href":"https:\/\/www.lesmaconsdelacreuse.fr\/annuaires\/wp-json\/wp\/v2\/posts\/37492","targetHints":{"allow":["GET"]}}],"collection":[{"href":"https:\/\/www.lesmaconsdelacreuse.fr\/annuaires\/wp-json\/wp\/v2\/posts"}],"about":[{"href":"https:\/\/www.lesmaconsdelacreuse.fr\/annuaires\/wp-json\/wp\/v2\/types\/post"}],"author":[{"embeddable":true,"href":"https:\/\/www.lesmaconsdelacreuse.fr\/annuaires\/wp-json\/wp\/v2\/users\/2"}],"replies":[{"embeddable":true,"href":"https:\/\/www.lesmaconsdelacreuse.fr\/annuaires\/wp-json\/wp\/v2\/comments?post=37492"}],"version-history":[{"count":0,"href":"https:\/\/www.lesmaconsdelacreuse.fr\/annuaires\/wp-json\/wp\/v2\/posts\/37492\/revisions"}],"wp:attachment":[{"href":"https:\/\/www.lesmaconsdelacreuse.fr\/annuaires\/wp-json\/wp\/v2\/media?parent=37492"}],"wp:term":[{"taxonomy":"category","embeddable":true,"href":"https:\/\/www.lesmaconsdelacreuse.fr\/annuaires\/wp-json\/wp\/v2\/categories?post=37492"},{"taxonomy":"post_tag","embeddable":true,"href":"https:\/\/www.lesmaconsdelacreuse.fr\/annuaires\/wp-json\/wp\/v2\/tags?post=37492"}],"curies":[{"name":"wp","href":"https:\/\/api.w.org\/{rel}","templated":true}]}}