{"id":37499,"date":"2019-08-04T17:22:28","date_gmt":"2019-08-04T15:22:28","guid":{"rendered":"http:\/\/lesmaconsdelacreuse.fr\/annuaire\/?p=37499"},"modified":"2020-01-20T11:08:02","modified_gmt":"2020-01-20T10:08:02","slug":"m_199","status":"publish","type":"post","link":"https:\/\/www.lesmaconsdelacreuse.fr\/annuaires\/lettre-m\/m_199\/","title":{"rendered":"MARTIN Joseph (1741-1797)"},"content":{"rendered":"<p class=\"last-updated\"><strong>Mis \u00e0 jour le :<\/strong> 29\/04\/2026<\/p><h2 style=\"text-align: center;\"><strong>Joseph MARTIN<\/strong><\/h2>\n<p style=\"text-align: center;\"><strong>1741 &#8211; 1797<\/strong><\/p>\n<p style=\"text-align: center;\"><img decoding=\"async\" title=\"\" src=\"https:\/\/lesmaconsdelacreuse.fr\/annuaire\/wp-content\/uploads\/2019\/08\/image1-1207.jpg\" alt=\"\" data-asset-id=\"37498\" data-source-id=\"i.0\" \/><\/p>\n<h4 style=\"text-align: center;\"><span style=\"color: #008000;\"><strong>ma\u00e7on <\/strong>et<strong> laboureur<\/strong><\/span><\/h4>\n<p style=\"text-align: center;\">n\u00e9 \u00e0 Arpeix (Roy\u00e8re)<\/p>\n<p style=\"text-align: center;\">le 16 juin 1741<\/p>\n<p style=\"text-align: center;\">fils de<\/p>\n<p style=\"text-align: center;\">Fran\u00e7ois MARTIN \/ Th\u00e9r\u00e8se BOURDEAU<\/p>\n<p style=\"text-align: center;\">laboureurs<\/p>\n<p style=\"text-align: center;\"><span style=\"color: #ffffff;\">\u25d9<\/span><\/p>\n<p><em>Joseph \u00e9pouse Catherine <\/em><strong>BAUDY<\/strong><em> (alias Catherine PICOULET du nom de sa m\u00e8re) le 29 mars <\/em><strong>1767<\/strong><em> \u00e0 Roy\u00e8re (contrat Coutisson). Ils habitent Arpeix.<\/em><\/p>\n<p><em>Catherine y d\u00e9c\u00e8de, inhum\u00e9e le 3 d\u00e9cembre <\/em><strong>1775<\/strong><em>, \u00e2g\u00e9e de 24 ans.<\/em><\/p>\n<p><em> Joseph se remarie le 5 mars <\/em><strong>1776<\/strong><em> \u00e0 Roy\u00e8re avec Marie <\/em><strong>BAZOT <\/strong><em>(contrat Coutisson). Ils vivent aussi \u00e0 Arpeix.<\/em><\/p>\n<p><em>Marie y d\u00e9c\u00e8de le 9 mars <\/em><strong>1793<\/strong><em>, \u00e2g\u00e9e de 42 ans.<\/em><\/p>\n<p><em> Joseph \u00e9pouse en troisi\u00e8mes noces Jeanne <\/em><strong>MOREAU<\/strong><em>, veuve de L\u00e9onard JARRAUD, ma\u00e7on, le 5e jour compl\u00e9mentaire de l\u2019an III (21 septembre <\/em><strong>1795<\/strong><em>). Ils habitent \u00e9galement Arpeix.<\/em><\/p>\n<p><em>Joseph y d\u00e9c\u00e8de le 20 flor\u00e9al an V (9 mai <\/em><strong>1797<\/strong><em>), \u00e2g\u00e9 de 55 ans.<\/em><\/p>\n","protected":false},"excerpt":{"rendered":"<p>Mis \u00e0 jour le : 29\/04\/2026Joseph MARTIN 1741 &#8211; 1797 ma\u00e7on et laboureur n\u00e9 \u00e0 Arpeix (Roy\u00e8re) le 16 juin 1741 fils de Fran\u00e7ois MARTIN \/ Th\u00e9r\u00e8se BOURDEAU laboureurs \u25d9 Joseph \u00e9pouse Catherine BAUDY (alias Catherine PICOULET du nom de sa m\u00e8re) le 29 mars 1767 \u00e0 Roy\u00e8re (contrat Coutisson). Ils habitent Arpeix. Catherine y ..<\/p>\n<div class=\"clear-fix\"><\/div>\n<p><a href=\"https:\/\/www.lesmaconsdelacreuse.fr\/annuaires\/lettre-m\/m_199\/\" title=\"Lire la suite...\">Lire la suite<\/a><\/p>\n","protected":false},"author":2,"featured_media":0,"comment_status":"closed","ping_status":"closed","sticky":false,"template":"","format":"standard","meta":{"_acf_changed":false,"_exactmetrics_skip_tracking":false,"_exactmetrics_sitenote_active":false,"_exactmetrics_sitenote_note":"","_exactmetrics_sitenote_category":0,"footnotes":""},"categories":[14],"tags":[],"class_list":["post-37499","post","type-post","status-publish","format-standard","hentry","category-lettre-m"],"acf":[],"_links":{"self":[{"href":"https:\/\/www.lesmaconsdelacreuse.fr\/annuaires\/wp-json\/wp\/v2\/posts\/37499","targetHints":{"allow":["GET"]}}],"collection":[{"href":"https:\/\/www.lesmaconsdelacreuse.fr\/annuaires\/wp-json\/wp\/v2\/posts"}],"about":[{"href":"https:\/\/www.lesmaconsdelacreuse.fr\/annuaires\/wp-json\/wp\/v2\/types\/post"}],"author":[{"embeddable":true,"href":"https:\/\/www.lesmaconsdelacreuse.fr\/annuaires\/wp-json\/wp\/v2\/users\/2"}],"replies":[{"embeddable":true,"href":"https:\/\/www.lesmaconsdelacreuse.fr\/annuaires\/wp-json\/wp\/v2\/comments?post=37499"}],"version-history":[{"count":0,"href":"https:\/\/www.lesmaconsdelacreuse.fr\/annuaires\/wp-json\/wp\/v2\/posts\/37499\/revisions"}],"wp:attachment":[{"href":"https:\/\/www.lesmaconsdelacreuse.fr\/annuaires\/wp-json\/wp\/v2\/media?parent=37499"}],"wp:term":[{"taxonomy":"category","embeddable":true,"href":"https:\/\/www.lesmaconsdelacreuse.fr\/annuaires\/wp-json\/wp\/v2\/categories?post=37499"},{"taxonomy":"post_tag","embeddable":true,"href":"https:\/\/www.lesmaconsdelacreuse.fr\/annuaires\/wp-json\/wp\/v2\/tags?post=37499"}],"curies":[{"name":"wp","href":"https:\/\/api.w.org\/{rel}","templated":true}]}}