{"id":37517,"date":"2019-08-04T17:22:29","date_gmt":"2019-08-04T15:22:29","guid":{"rendered":"http:\/\/lesmaconsdelacreuse.fr\/annuaire\/?p=37517"},"modified":"2020-01-20T11:08:01","modified_gmt":"2020-01-20T10:08:01","slug":"m_157","status":"publish","type":"post","link":"https:\/\/www.lesmaconsdelacreuse.fr\/annuaires\/lettre-m\/m_157\/","title":{"rendered":"MARTEAU Michel (vers 1702\u20131752)"},"content":{"rendered":"<p class=\"last-updated\"><strong>Mis \u00e0 jour le :<\/strong> 29\/04\/2026<\/p><h2 style=\"text-align: center;\"><strong>Michel MARTEAU<\/strong><\/h2>\n<p style=\"text-align: center;\"><strong>vers 1702 \u2013 1752<\/strong><\/p>\n<p style=\"text-align: center;\"><img decoding=\"async\" title=\"\" src=\"https:\/\/lesmaconsdelacreuse.fr\/annuaire\/wp-content\/uploads\/2019\/08\/image1-1215.jpg\" alt=\"\" data-asset-id=\"37515\" data-source-id=\"i.0\" \/><\/p>\n<h4 style=\"text-align: center;\"><span style=\"color: #008000;\"><strong>ma\u00e7on <\/strong>et<strong> laboureur<\/strong><\/span><\/h4>\n<p style=\"text-align: center;\">n\u00e9 \u00e0 Gioux (Saint-Pierre-le-Bost)\u00a0?<\/p>\n<p style=\"text-align: center;\">vers 1702<\/p>\n<p style=\"text-align: center;\">fils de<\/p>\n<p style=\"text-align: center;\">L\u00e9onard MARTEAU \/ Marie LARBANEIX<\/p>\n<p style=\"text-align: center;\"><span style=\"color: #ffffff;\">\u25d9<\/span><\/p>\n<p><strong>En 1716<\/strong><em>, Michel \u00e9pouse Anne <\/em><strong>PLANCHADEAU<\/strong>\u00a0<em> (contrat Delavergne au Monteil). Ils habitent Gioux, paroisse de Saint-Pierre. <\/em><\/p>\n<p><em>Anne y d\u00e9c\u00e8de le 24 avril <\/em><strong>1731<\/strong><em>.<\/em><\/p>\n<p><em>Michel se remarie le 25 juin de la m\u00eame ann\u00e9e \u00e0 Saint-Pierre avec Anne <\/em><strong>P\u00c9RIER<\/strong><em>, veuve de Jean L\u00c9ONARD, ma\u00e7on. <\/em><\/p>\n<p><strong>En 1735<\/strong><em>, il est collecteur et porte bourse pour la paroisse de Saint-Pierre, signe certain de solvabilit\u00e9.<\/em><\/p>\n<p><em>Anne d\u00e9c\u00e8de \u00e0 Gioux le 8 f\u00e9vrier <\/em><strong>1745<\/strong><em>, \u00e2g\u00e9e de 60 ans environ.<\/em><\/p>\n<p><em>Michel se marie une troisi\u00e8me fois avec Marguerite <\/em><strong>BOUGET<\/strong><em>, veuve de L\u00e9onard GASNE, le 27 octobre de la m\u00eame ann\u00e9e, \u00e0 Saint-Pierre.<\/em><\/p>\n<p><em>Il d\u00e9c\u00e8de \u00e0 Gioux le 25 mars <\/em><strong>1752<\/strong><em>, \u00e2g\u00e9 de 50 ans environ, apr\u00e8s avoir test\u00e9 le 18 f\u00e9vrier devant Me Delavergne.<\/em><\/p>\n<p><em>Sa veuve se remarie en 1753 avec L\u00e9onard DUMONTEIL, ma\u00e7on, et d\u00e9c\u00e8de au bourg du Monteil-au-Vicomte le 27 septembre 1759, \u00e2g\u00e9e de 60 ans environ.<\/em><\/p>\n","protected":false},"excerpt":{"rendered":"<p>Mis \u00e0 jour le : 29\/04\/2026Michel MARTEAU vers 1702 \u2013 1752 ma\u00e7on et laboureur n\u00e9 \u00e0 Gioux (Saint-Pierre-le-Bost)\u00a0? vers 1702 fils de L\u00e9onard MARTEAU \/ Marie LARBANEIX \u25d9 En 1716, Michel \u00e9pouse Anne PLANCHADEAU\u00a0 (contrat Delavergne au Monteil). Ils habitent Gioux, paroisse de Saint-Pierre. Anne y d\u00e9c\u00e8de le 24 avril 1731. Michel se remarie le ..<\/p>\n<div class=\"clear-fix\"><\/div>\n<p><a href=\"https:\/\/www.lesmaconsdelacreuse.fr\/annuaires\/lettre-m\/m_157\/\" title=\"Lire la suite...\">Lire la suite<\/a><\/p>\n","protected":false},"author":2,"featured_media":0,"comment_status":"closed","ping_status":"closed","sticky":false,"template":"","format":"standard","meta":{"_acf_changed":false,"_exactmetrics_skip_tracking":false,"_exactmetrics_sitenote_active":false,"_exactmetrics_sitenote_note":"","_exactmetrics_sitenote_category":0,"footnotes":""},"categories":[14],"tags":[],"class_list":["post-37517","post","type-post","status-publish","format-standard","hentry","category-lettre-m"],"acf":[],"_links":{"self":[{"href":"https:\/\/www.lesmaconsdelacreuse.fr\/annuaires\/wp-json\/wp\/v2\/posts\/37517","targetHints":{"allow":["GET"]}}],"collection":[{"href":"https:\/\/www.lesmaconsdelacreuse.fr\/annuaires\/wp-json\/wp\/v2\/posts"}],"about":[{"href":"https:\/\/www.lesmaconsdelacreuse.fr\/annuaires\/wp-json\/wp\/v2\/types\/post"}],"author":[{"embeddable":true,"href":"https:\/\/www.lesmaconsdelacreuse.fr\/annuaires\/wp-json\/wp\/v2\/users\/2"}],"replies":[{"embeddable":true,"href":"https:\/\/www.lesmaconsdelacreuse.fr\/annuaires\/wp-json\/wp\/v2\/comments?post=37517"}],"version-history":[{"count":0,"href":"https:\/\/www.lesmaconsdelacreuse.fr\/annuaires\/wp-json\/wp\/v2\/posts\/37517\/revisions"}],"wp:attachment":[{"href":"https:\/\/www.lesmaconsdelacreuse.fr\/annuaires\/wp-json\/wp\/v2\/media?parent=37517"}],"wp:term":[{"taxonomy":"category","embeddable":true,"href":"https:\/\/www.lesmaconsdelacreuse.fr\/annuaires\/wp-json\/wp\/v2\/categories?post=37517"},{"taxonomy":"post_tag","embeddable":true,"href":"https:\/\/www.lesmaconsdelacreuse.fr\/annuaires\/wp-json\/wp\/v2\/tags?post=37517"}],"curies":[{"name":"wp","href":"https:\/\/api.w.org\/{rel}","templated":true}]}}