{"id":37526,"date":"2019-08-04T17:22:29","date_gmt":"2019-08-04T15:22:29","guid":{"rendered":"http:\/\/lesmaconsdelacreuse.fr\/annuaire\/?p=37526"},"modified":"2022-01-03T11:10:28","modified_gmt":"2022-01-03T10:10:28","slug":"m_142","status":"publish","type":"post","link":"https:\/\/www.lesmaconsdelacreuse.fr\/annuaires\/lettre-m\/m_142\/","title":{"rendered":"MARJOLET Fran\u00e7ois (1880\u20131910)"},"content":{"rendered":"<p class=\"last-updated\"><strong>Mis \u00e0 jour le :<\/strong> 29\/04\/2026<\/p><h2 style=\"text-align: center;\"><strong>Fran\u00e7ois MARJOLET<\/strong><\/h2>\n<p style=\"text-align: center;\"><strong>1880 \u2013 1910<\/strong><\/p>\n<p style=\"text-align: center;\"><img decoding=\"async\" title=\"\" src=\"https:\/\/lesmaconsdelacreuse.fr\/annuaire\/wp-content\/uploads\/2019\/08\/image1-1217.jpg\" alt=\"\" data-asset-id=\"37522\" data-source-id=\"i.0\" \/><\/p>\n<h4 style=\"text-align: center;\"><span style=\"color: #008000;\"><strong>ma\u00e7on<\/strong><\/span><\/h4>\n<p style=\"text-align: center;\">n\u00e9 \u00e0 La Clavelle (Saint-Martin-Ch\u00e2teau)<\/p>\n<p style=\"text-align: center;\">le 17 mars 1880<\/p>\n<p style=\"text-align: center;\">fils de<\/p>\n<p style=\"text-align: center;\">Jean-Baptiste MARJOLET, <span style=\"color: #008000;\"><strong>ma\u00e7on<\/strong><\/span><\/p>\n<p style=\"text-align: center;\">L\u00e9onarde REDONDEAU, cultivatrice<\/p>\n<p style=\"text-align: center;\"><span style=\"color: #ffffff;\">\u25d9<\/span><\/p>\n<p><strong>En 1901<\/strong><em>, Fran\u00e7ois travaille dans la <\/em><span style=\"color: #0000ff;\"><strong>Seine (75)<\/strong><\/span><em> et y passe le conseil de r\u00e9vision. <\/em><\/p>\n<p><strong>En 1903 et 1904<\/strong><em>, il est \u00e0 <\/em><span style=\"color: #0000ff;\"><strong>Maisons-Alfort (94)<\/strong><\/span><em>, 83, grande rue\u00a0;<\/em><\/p>\n<p><strong>en 1907<\/strong><em>, \u00e0 <\/em><span style=\"color: #0000ff;\"><strong>Charenton (94)<\/strong><\/span><em>, rue de Paris\u00a0;<\/em><\/p>\n<p><strong>en 1908<\/strong><em>, de retour \u00e0 Maisons-Alfort, m\u00eame adresse.<\/em><\/p>\n<p><em>Domicili\u00e9 \u00e0 Aug\u00e8res, commune de Faux-Mazuras, il \u00e9pouse Marie <\/em><strong>COUSSEYROUX<\/strong><em> le 26 janvier <\/em><strong>1909<\/strong><em> \u00e0 Faux (mari\u00e9s sans contrat).<\/em><\/p>\n<p><em>Ils d\u00e9c\u00e8dent:<\/em><\/p>\n<ul>\n<li><em>L\u00e9onard \u00e0 Maisons-Alfort le 4 mars <\/em><strong>1910<\/strong><em>, \u00e2g\u00e9 de 29 ans<\/em><\/li>\n<li><em>Marie \u00e0 Rieublanc, commune de Morterolles, le 9 mars <\/em><strong>1912<\/strong><em>, \u00e2g\u00e9e de 23 ans<\/em><\/li>\n<\/ul>\n","protected":false},"excerpt":{"rendered":"<p>Mis \u00e0 jour le : 29\/04\/2026Fran\u00e7ois MARJOLET 1880 \u2013 1910 ma\u00e7on n\u00e9 \u00e0 La Clavelle (Saint-Martin-Ch\u00e2teau) le 17 mars 1880 fils de Jean-Baptiste MARJOLET, ma\u00e7on L\u00e9onarde REDONDEAU, cultivatrice \u25d9 En 1901, Fran\u00e7ois travaille dans la Seine (75) et y passe le conseil de r\u00e9vision. En 1903 et 1904, il est \u00e0 Maisons-Alfort (94), 83, grande ..<\/p>\n<div class=\"clear-fix\"><\/div>\n<p><a href=\"https:\/\/www.lesmaconsdelacreuse.fr\/annuaires\/lettre-m\/m_142\/\" title=\"Lire la suite...\">Lire la suite<\/a><\/p>\n","protected":false},"author":2,"featured_media":0,"comment_status":"closed","ping_status":"closed","sticky":false,"template":"","format":"standard","meta":{"_acf_changed":false,"_exactmetrics_skip_tracking":false,"_exactmetrics_sitenote_active":false,"_exactmetrics_sitenote_note":"","_exactmetrics_sitenote_category":0,"footnotes":""},"categories":[14],"tags":[],"class_list":["post-37526","post","type-post","status-publish","format-standard","hentry","category-lettre-m"],"acf":[],"_links":{"self":[{"href":"https:\/\/www.lesmaconsdelacreuse.fr\/annuaires\/wp-json\/wp\/v2\/posts\/37526","targetHints":{"allow":["GET"]}}],"collection":[{"href":"https:\/\/www.lesmaconsdelacreuse.fr\/annuaires\/wp-json\/wp\/v2\/posts"}],"about":[{"href":"https:\/\/www.lesmaconsdelacreuse.fr\/annuaires\/wp-json\/wp\/v2\/types\/post"}],"author":[{"embeddable":true,"href":"https:\/\/www.lesmaconsdelacreuse.fr\/annuaires\/wp-json\/wp\/v2\/users\/2"}],"replies":[{"embeddable":true,"href":"https:\/\/www.lesmaconsdelacreuse.fr\/annuaires\/wp-json\/wp\/v2\/comments?post=37526"}],"version-history":[{"count":2,"href":"https:\/\/www.lesmaconsdelacreuse.fr\/annuaires\/wp-json\/wp\/v2\/posts\/37526\/revisions"}],"predecessor-version":[{"id":193733,"href":"https:\/\/www.lesmaconsdelacreuse.fr\/annuaires\/wp-json\/wp\/v2\/posts\/37526\/revisions\/193733"}],"wp:attachment":[{"href":"https:\/\/www.lesmaconsdelacreuse.fr\/annuaires\/wp-json\/wp\/v2\/media?parent=37526"}],"wp:term":[{"taxonomy":"category","embeddable":true,"href":"https:\/\/www.lesmaconsdelacreuse.fr\/annuaires\/wp-json\/wp\/v2\/categories?post=37526"},{"taxonomy":"post_tag","embeddable":true,"href":"https:\/\/www.lesmaconsdelacreuse.fr\/annuaires\/wp-json\/wp\/v2\/tags?post=37526"}],"curies":[{"name":"wp","href":"https:\/\/api.w.org\/{rel}","templated":true}]}}