{"id":37537,"date":"2019-08-04T17:22:30","date_gmt":"2019-08-04T15:22:30","guid":{"rendered":"http:\/\/lesmaconsdelacreuse.fr\/annuaire\/?p=37537"},"modified":"2020-01-20T11:07:59","modified_gmt":"2020-01-20T10:07:59","slug":"m_194","status":"publish","type":"post","link":"https:\/\/www.lesmaconsdelacreuse.fr\/annuaires\/lettre-m\/m_194\/","title":{"rendered":"MARTIN Jean (1812-1857)"},"content":{"rendered":"<p class=\"last-updated\"><strong>Mis \u00e0 jour le :<\/strong> 29\/04\/2026<\/p><h2 style=\"text-align: center;\"><strong>Jean MARTIN<\/strong><\/h2>\n<p style=\"text-align: center;\"><strong>1812 &#8211; 1857<\/strong><\/p>\n<p style=\"text-align: center;\"><img decoding=\"async\" title=\"\" src=\"https:\/\/lesmaconsdelacreuse.fr\/annuaire\/wp-content\/uploads\/2019\/08\/image1-1222.jpg\" alt=\"\" data-asset-id=\"37536\" data-source-id=\"i.0\" \/><\/p>\n<h4 style=\"text-align: center;\"><strong><span style=\"color: #008000;\">ma\u00e7on<\/span> <\/strong><span style=\"color: #008000;\">et<strong> cultivateur<\/strong><\/span><\/h4>\n<p style=\"text-align: center;\">n\u00e9 \u00e0 Bord (Saint-Pardoux-Lavaud)<\/p>\n<p style=\"text-align: center;\">le 1er juillet 1812<\/p>\n<p style=\"text-align: center;\">fils de<\/p>\n<p style=\"text-align: center;\">L\u00e9onard MARTIN \/ Jeanne CHAMPEAUX<\/p>\n<p style=\"text-align: center;\">cultivateurs<\/p>\n<p style=\"text-align: center;\"><span style=\"color: #ffffff;\">\u25d9<\/span><\/p>\n<p><em>Jean \u00e9pouse Jeanne <\/em><strong>LAUDINAS<\/strong><em> le 16 f\u00e9vrier <\/em><strong>1837<\/strong> <em>\u00e0 Saint-Martin-Ch\u00e2teau (contrat Jarrijon).<\/em><\/p>\n<p><em>Ils habitent Favareillas. <\/em><\/p>\n<p><em>Ils y d\u00e9c\u00e8dent\u00a0:<\/em><\/p>\n<ul>\n<li><em>Jean, le 26 novembre <\/em><strong>1857<\/strong><em>, \u00e2g\u00e9 de 45 ans<\/em><\/li>\n<li><em>Jeanne, le 2 mai <\/em><strong>1895<\/strong><em>, \u00e2g\u00e9e de 76 ans<\/em><\/li>\n<\/ul>\n","protected":false},"excerpt":{"rendered":"<p>Mis \u00e0 jour le : 29\/04\/2026Jean MARTIN 1812 &#8211; 1857 ma\u00e7on et cultivateur n\u00e9 \u00e0 Bord (Saint-Pardoux-Lavaud) le 1er juillet 1812 fils de L\u00e9onard MARTIN \/ Jeanne CHAMPEAUX cultivateurs \u25d9 Jean \u00e9pouse Jeanne LAUDINAS le 16 f\u00e9vrier 1837 \u00e0 Saint-Martin-Ch\u00e2teau (contrat Jarrijon). Ils habitent Favareillas. Ils y d\u00e9c\u00e8dent\u00a0: Jean, le 26 novembre 1857, \u00e2g\u00e9 de ..<\/p>\n<div class=\"clear-fix\"><\/div>\n<p><a href=\"https:\/\/www.lesmaconsdelacreuse.fr\/annuaires\/lettre-m\/m_194\/\" title=\"Lire la suite...\">Lire la suite<\/a><\/p>\n","protected":false},"author":2,"featured_media":0,"comment_status":"closed","ping_status":"closed","sticky":false,"template":"","format":"standard","meta":{"_acf_changed":false,"_exactmetrics_skip_tracking":false,"_exactmetrics_sitenote_active":false,"_exactmetrics_sitenote_note":"","_exactmetrics_sitenote_category":0,"footnotes":""},"categories":[14],"tags":[],"class_list":["post-37537","post","type-post","status-publish","format-standard","hentry","category-lettre-m"],"acf":[],"_links":{"self":[{"href":"https:\/\/www.lesmaconsdelacreuse.fr\/annuaires\/wp-json\/wp\/v2\/posts\/37537","targetHints":{"allow":["GET"]}}],"collection":[{"href":"https:\/\/www.lesmaconsdelacreuse.fr\/annuaires\/wp-json\/wp\/v2\/posts"}],"about":[{"href":"https:\/\/www.lesmaconsdelacreuse.fr\/annuaires\/wp-json\/wp\/v2\/types\/post"}],"author":[{"embeddable":true,"href":"https:\/\/www.lesmaconsdelacreuse.fr\/annuaires\/wp-json\/wp\/v2\/users\/2"}],"replies":[{"embeddable":true,"href":"https:\/\/www.lesmaconsdelacreuse.fr\/annuaires\/wp-json\/wp\/v2\/comments?post=37537"}],"version-history":[{"count":0,"href":"https:\/\/www.lesmaconsdelacreuse.fr\/annuaires\/wp-json\/wp\/v2\/posts\/37537\/revisions"}],"wp:attachment":[{"href":"https:\/\/www.lesmaconsdelacreuse.fr\/annuaires\/wp-json\/wp\/v2\/media?parent=37537"}],"wp:term":[{"taxonomy":"category","embeddable":true,"href":"https:\/\/www.lesmaconsdelacreuse.fr\/annuaires\/wp-json\/wp\/v2\/categories?post=37537"},{"taxonomy":"post_tag","embeddable":true,"href":"https:\/\/www.lesmaconsdelacreuse.fr\/annuaires\/wp-json\/wp\/v2\/tags?post=37537"}],"curies":[{"name":"wp","href":"https:\/\/api.w.org\/{rel}","templated":true}]}}