{"id":37556,"date":"2019-08-04T17:22:31","date_gmt":"2019-08-04T15:22:31","guid":{"rendered":"http:\/\/lesmaconsdelacreuse.fr\/annuaire\/?p=37556"},"modified":"2022-12-12T15:42:56","modified_gmt":"2022-12-12T14:42:56","slug":"m_145","status":"publish","type":"post","link":"https:\/\/www.lesmaconsdelacreuse.fr\/annuaires\/lettre-m\/m_145\/","title":{"rendered":"MARSALON Fran\u00e7ois (vers 1635-1695)"},"content":{"rendered":"<p class=\"last-updated\"><strong>Mis \u00e0 jour le :<\/strong> 29\/04\/2026<\/p><h2 style=\"text-align: center;\"><strong>Fran\u00e7ois MARSALON<\/strong><\/h2>\n<p style=\"text-align: center;\"><strong>Martial MARSALON<\/strong><\/p>\n<p style=\"text-align: center;\"><strong>vers 1635 &#8211; 1695<\/strong><\/p>\n<p style=\"text-align: center;\">\n<h4 style=\"text-align: center;\"><span style=\"color: #008000;\"><strong>ma\u00e7on <\/strong>et<strong> laboureur<\/strong><\/span><\/h4>\n<p style=\"text-align: center;\">fils de<\/p>\n<p style=\"text-align: center;\">&#8212;- MARSALON \/ L\u00e9onarde PERN\u00c8GRE<\/p>\n<p style=\"text-align: center;\"><span style=\"color: #ffffff;\">\u25d9<\/span><\/p>\n<p><em>Fran\u00e7ois \u00e9pouse Louise <\/em><strong>VALLADE<\/strong><em> le 28 f\u00e9vrier <\/em><strong>1666<\/strong> <em>\u00e0 Roy\u00e8re. Le couple habite le village de Roudersas, paroisse de Roy\u00e8re. <\/em><\/p>\n<p><em>Ils y d\u00e9c\u00e8dent:<\/em><\/p>\n<ul>\n<li><em>Louise, le 3 novembre <\/em><strong>1695<\/strong><em>, \u00e2g\u00e9e d\u2019environ 50 ans<\/em><\/li>\n<li><em>Fran\u00e7ois, le 25 novembre suivant, \u00e2g\u00e9 d\u2019environ 60 ans<\/em><\/li>\n<\/ul>\n<p><em>(Sur l\u2019acte de mariage de Fran\u00e7ois, le nom de son p\u00e8re est d\u00e9chir\u00e9)<\/em><\/p>\n<p>S17<\/p>\n","protected":false},"excerpt":{"rendered":"<p>Mis \u00e0 jour le : 29\/04\/2026Fran\u00e7ois MARSALON Martial MARSALON vers 1635 &#8211; 1695 ma\u00e7on et laboureur fils de &#8212;- MARSALON \/ L\u00e9onarde PERN\u00c8GRE \u25d9 Fran\u00e7ois \u00e9pouse Louise VALLADE le 28 f\u00e9vrier 1666 \u00e0 Roy\u00e8re. Le couple habite le village de Roudersas, paroisse de Roy\u00e8re. Ils y d\u00e9c\u00e8dent: Louise, le 3 novembre 1695, \u00e2g\u00e9e d\u2019environ 50 ..<\/p>\n<div class=\"clear-fix\"><\/div>\n<p><a href=\"https:\/\/www.lesmaconsdelacreuse.fr\/annuaires\/lettre-m\/m_145\/\" title=\"Lire la suite...\">Lire la suite<\/a><\/p>\n","protected":false},"author":2,"featured_media":0,"comment_status":"closed","ping_status":"closed","sticky":false,"template":"","format":"standard","meta":{"_acf_changed":false,"_exactmetrics_skip_tracking":false,"_exactmetrics_sitenote_active":false,"_exactmetrics_sitenote_note":"","_exactmetrics_sitenote_category":0,"footnotes":""},"categories":[14],"tags":[],"class_list":["post-37556","post","type-post","status-publish","format-standard","hentry","category-lettre-m"],"acf":[],"_links":{"self":[{"href":"https:\/\/www.lesmaconsdelacreuse.fr\/annuaires\/wp-json\/wp\/v2\/posts\/37556","targetHints":{"allow":["GET"]}}],"collection":[{"href":"https:\/\/www.lesmaconsdelacreuse.fr\/annuaires\/wp-json\/wp\/v2\/posts"}],"about":[{"href":"https:\/\/www.lesmaconsdelacreuse.fr\/annuaires\/wp-json\/wp\/v2\/types\/post"}],"author":[{"embeddable":true,"href":"https:\/\/www.lesmaconsdelacreuse.fr\/annuaires\/wp-json\/wp\/v2\/users\/2"}],"replies":[{"embeddable":true,"href":"https:\/\/www.lesmaconsdelacreuse.fr\/annuaires\/wp-json\/wp\/v2\/comments?post=37556"}],"version-history":[{"count":2,"href":"https:\/\/www.lesmaconsdelacreuse.fr\/annuaires\/wp-json\/wp\/v2\/posts\/37556\/revisions"}],"predecessor-version":[{"id":202980,"href":"https:\/\/www.lesmaconsdelacreuse.fr\/annuaires\/wp-json\/wp\/v2\/posts\/37556\/revisions\/202980"}],"wp:attachment":[{"href":"https:\/\/www.lesmaconsdelacreuse.fr\/annuaires\/wp-json\/wp\/v2\/media?parent=37556"}],"wp:term":[{"taxonomy":"category","embeddable":true,"href":"https:\/\/www.lesmaconsdelacreuse.fr\/annuaires\/wp-json\/wp\/v2\/categories?post=37556"},{"taxonomy":"post_tag","embeddable":true,"href":"https:\/\/www.lesmaconsdelacreuse.fr\/annuaires\/wp-json\/wp\/v2\/tags?post=37556"}],"curies":[{"name":"wp","href":"https:\/\/api.w.org\/{rel}","templated":true}]}}