{"id":37561,"date":"2019-08-04T17:22:31","date_gmt":"2019-08-04T15:22:31","guid":{"rendered":"http:\/\/lesmaconsdelacreuse.fr\/annuaire\/?p=37561"},"modified":"2020-01-20T11:07:57","modified_gmt":"2020-01-20T10:07:57","slug":"m_152","status":"publish","type":"post","link":"https:\/\/www.lesmaconsdelacreuse.fr\/annuaires\/lettre-m\/m_152\/","title":{"rendered":"MARTEAU Jean (1807-1863)"},"content":{"rendered":"<p class=\"last-updated\"><strong>Mis \u00e0 jour le :<\/strong> 29\/04\/2026<\/p><h2 style=\"text-align: center;\"><strong>Jean MARTEAU<\/strong><\/h2>\n<p style=\"text-align: center;\"><strong>1807 &#8211; 1863<\/strong><\/p>\n<p style=\"text-align: center;\"><img decoding=\"async\" title=\"\" src=\"https:\/\/lesmaconsdelacreuse.fr\/annuaire\/wp-content\/uploads\/2019\/08\/image1-1228.jpg\" alt=\"\" data-asset-id=\"37559\" data-source-id=\"i.0\" \/><\/p>\n<h4 style=\"text-align: center;\"><strong><span style=\"color: #008000;\">ma\u00e7on<\/span> <\/strong><span style=\"color: #008000;\">et<strong> cultivateur<\/strong><\/span><\/h4>\n<p style=\"text-align: center;\">n\u00e9 au Grand Grammont (Peyrat-le-Ch\u00e2teau)<\/p>\n<p style=\"text-align: center;\">le 23 f\u00e9vrier 1807<\/p>\n<p style=\"text-align: center;\">fils de<\/p>\n<p style=\"text-align: center;\">Antoine MARTEAU \/ Marie LANTY<\/p>\n<p style=\"text-align: center;\"><span style=\"color: #ffffff;\">\u25d9<\/span><\/p>\n<p><em>Jean \u00e9pouse Marie <\/em><strong>BOUCAUD<\/strong><em> le 15 octobre <\/em><strong>1828<\/strong><em> \u00e0 Roy\u00e8re (contrat Coutisson). Ils vivent d\u2019abord \u00e0 Vaux, m\u00eame commune.<\/em><\/p>\n<p><strong>En 1856<\/strong><em>, ils sont au Bost-Boussac (Saint-Martin-Ch\u00e2teau), et Jean a l\u2019habitude de travailler \u00e0 <\/em><span style=\"color: #0000ff;\"><strong>Lyon (69)<\/strong><\/span><em>, o\u00f9 il loge quartier de Vaise. <\/em><\/p>\n<p><em>Il d\u00e9c\u00e8de \u00e0 Buze, commune de Saint-Pardoux-Lavaud, le 12 novembre <\/em><strong>1863<\/strong>,<em> \u00e2g\u00e9 de 56 ans. <\/em><\/p>\n","protected":false},"excerpt":{"rendered":"<p>Mis \u00e0 jour le : 29\/04\/2026Jean MARTEAU 1807 &#8211; 1863 ma\u00e7on et cultivateur n\u00e9 au Grand Grammont (Peyrat-le-Ch\u00e2teau) le 23 f\u00e9vrier 1807 fils de Antoine MARTEAU \/ Marie LANTY \u25d9 Jean \u00e9pouse Marie BOUCAUD le 15 octobre 1828 \u00e0 Roy\u00e8re (contrat Coutisson). Ils vivent d\u2019abord \u00e0 Vaux, m\u00eame commune. En 1856, ils sont au Bost-Boussac ..<\/p>\n<div class=\"clear-fix\"><\/div>\n<p><a href=\"https:\/\/www.lesmaconsdelacreuse.fr\/annuaires\/lettre-m\/m_152\/\" title=\"Lire la suite...\">Lire la suite<\/a><\/p>\n","protected":false},"author":2,"featured_media":0,"comment_status":"closed","ping_status":"closed","sticky":false,"template":"","format":"standard","meta":{"_acf_changed":false,"_exactmetrics_skip_tracking":false,"_exactmetrics_sitenote_active":false,"_exactmetrics_sitenote_note":"","_exactmetrics_sitenote_category":0,"footnotes":""},"categories":[14],"tags":[],"class_list":["post-37561","post","type-post","status-publish","format-standard","hentry","category-lettre-m"],"acf":[],"_links":{"self":[{"href":"https:\/\/www.lesmaconsdelacreuse.fr\/annuaires\/wp-json\/wp\/v2\/posts\/37561","targetHints":{"allow":["GET"]}}],"collection":[{"href":"https:\/\/www.lesmaconsdelacreuse.fr\/annuaires\/wp-json\/wp\/v2\/posts"}],"about":[{"href":"https:\/\/www.lesmaconsdelacreuse.fr\/annuaires\/wp-json\/wp\/v2\/types\/post"}],"author":[{"embeddable":true,"href":"https:\/\/www.lesmaconsdelacreuse.fr\/annuaires\/wp-json\/wp\/v2\/users\/2"}],"replies":[{"embeddable":true,"href":"https:\/\/www.lesmaconsdelacreuse.fr\/annuaires\/wp-json\/wp\/v2\/comments?post=37561"}],"version-history":[{"count":0,"href":"https:\/\/www.lesmaconsdelacreuse.fr\/annuaires\/wp-json\/wp\/v2\/posts\/37561\/revisions"}],"wp:attachment":[{"href":"https:\/\/www.lesmaconsdelacreuse.fr\/annuaires\/wp-json\/wp\/v2\/media?parent=37561"}],"wp:term":[{"taxonomy":"category","embeddable":true,"href":"https:\/\/www.lesmaconsdelacreuse.fr\/annuaires\/wp-json\/wp\/v2\/categories?post=37561"},{"taxonomy":"post_tag","embeddable":true,"href":"https:\/\/www.lesmaconsdelacreuse.fr\/annuaires\/wp-json\/wp\/v2\/tags?post=37561"}],"curies":[{"name":"wp","href":"https:\/\/api.w.org\/{rel}","templated":true}]}}