{"id":37567,"date":"2019-08-04T17:22:32","date_gmt":"2019-08-04T15:22:32","guid":{"rendered":"http:\/\/lesmaconsdelacreuse.fr\/annuaire\/?p=37567"},"modified":"2020-10-03T17:22:22","modified_gmt":"2020-10-03T15:22:22","slug":"m_186","status":"publish","type":"post","link":"https:\/\/www.lesmaconsdelacreuse.fr\/annuaires\/lettre-m\/m_186\/","title":{"rendered":"MARTIN Fran\u00e7ois Auguste (1881\u20131954)"},"content":{"rendered":"<p class=\"last-updated\"><strong>Mis \u00e0 jour le :<\/strong> 29\/04\/2026<\/p><h2 style=\"text-align: center;\"><strong>Fran\u00e7ois Auguste MARTIN<\/strong><\/h2>\n<p style=\"text-align: center;\"><strong>Fran\u00e7ois MARTIN \/ Auguste MARTIN<\/strong><\/p>\n<p style=\"text-align: center;\"><strong>1881 \u2013 1954<\/strong><\/p>\n<p style=\"text-align: center;\"><img decoding=\"async\" title=\"\" src=\"https:\/\/lesmaconsdelacreuse.fr\/annuaire\/wp-content\/uploads\/2019\/08\/image1-86.png\" alt=\"\" data-asset-id=\"37564\" data-source-id=\"i.0\" \/><\/p>\n<h4 style=\"text-align: center;\"><span style=\"color: #008000;\"><strong>ma\u00e7on <\/strong>puis<\/span> <strong><span style=\"color: #008000;\">industriel<\/span> <span style=\"color: #008000;\">briqueteur <\/span>\u25ba<a href=\"https:\/\/www.lesmaconsdelacreuse.fr\/annuaires\/wp-content\/uploads\/2020\/07\/FUMISTE.png\" target=\"_blank\" rel=\"noopener noreferrer\"><span style=\"color: #008000;\">fumiste<\/span><\/a><\/strong><\/h4>\n<p>&nbsp;<\/p>\n<p style=\"text-align: center;\">n\u00e9 \u00e0 Vauveix (Roy\u00e8re)<\/p>\n<p style=\"text-align: center;\">le 6 octobre 1881<\/p>\n<p style=\"text-align: center;\">fils de<\/p>\n<p style=\"text-align: center;\">Antoine MARTIN, <span style=\"color: #008000;\"><strong>ma\u00e7on <\/strong><\/span>et<span style=\"color: #008000;\"><strong> fumiste<\/strong><\/span><\/p>\n<p style=\"text-align: center;\">Catherine P\u00c9NIGUET, cultivatrice<\/p>\n<p style=\"text-align: center;\"><span style=\"color: #ffffff;\">\u25d9<\/span><\/p>\n<p><strong>En 1902<\/strong>, <em>Fran\u00e7ois, <\/em><span style=\"color: #008000;\"><strong>ma\u00e7on<\/strong><\/span><em>, est dispens\u00e9 de service militaire comme fils a\u00een\u00e9 de veuve.<\/em><\/p>\n<p><span style=\"color: #008000;\"><strong>Fumiste<\/strong><\/span><em>, il \u00e9pouse C\u00e9cile <\/em><strong>MEILLAC <\/strong><em>le 16 f\u00e9vrier <\/em><strong>1907<\/strong> <em>\u00e0 Beaumont (87 \u2013 contrat Poumier \u00e0 Nedde).<\/em><\/p>\n<p><strong>En 1910<\/strong><em>, il travaille \u00e0 <\/em><span style=\"color: #0000ff;\"><strong>Saint-Mand\u00e9 (94)<\/strong><\/span><em>.<\/em><\/p>\n<p><strong>En 1926<\/strong><em>, les \u00e9poux y habitent, 67, rue de Lagny.<\/em><\/p>\n<p><em>Fran\u00e7ois y d\u00e9c\u00e8de le 1er mars <\/em><strong>1954<\/strong><em>, \u00e2g\u00e9 de 72 ans. <\/em><\/p>\n<p>&nbsp;<\/p>\n","protected":false},"excerpt":{"rendered":"<p>Mis \u00e0 jour le : 29\/04\/2026Fran\u00e7ois Auguste MARTIN Fran\u00e7ois MARTIN \/ Auguste MARTIN 1881 \u2013 1954 ma\u00e7on puis industriel briqueteur \u25bafumiste &nbsp; n\u00e9 \u00e0 Vauveix (Roy\u00e8re) le 6 octobre 1881 fils de Antoine MARTIN, ma\u00e7on et fumiste Catherine P\u00c9NIGUET, cultivatrice \u25d9 En 1902, Fran\u00e7ois, ma\u00e7on, est dispens\u00e9 de service militaire comme fils a\u00een\u00e9 de veuve. ..<\/p>\n<div class=\"clear-fix\"><\/div>\n<p><a href=\"https:\/\/www.lesmaconsdelacreuse.fr\/annuaires\/lettre-m\/m_186\/\" title=\"Lire la suite...\">Lire la suite<\/a><\/p>\n","protected":false},"author":2,"featured_media":0,"comment_status":"closed","ping_status":"closed","sticky":false,"template":"","format":"standard","meta":{"_acf_changed":false,"_exactmetrics_skip_tracking":false,"_exactmetrics_sitenote_active":false,"_exactmetrics_sitenote_note":"","_exactmetrics_sitenote_category":0,"footnotes":""},"categories":[14],"tags":[],"class_list":["post-37567","post","type-post","status-publish","format-standard","hentry","category-lettre-m"],"acf":[],"_links":{"self":[{"href":"https:\/\/www.lesmaconsdelacreuse.fr\/annuaires\/wp-json\/wp\/v2\/posts\/37567","targetHints":{"allow":["GET"]}}],"collection":[{"href":"https:\/\/www.lesmaconsdelacreuse.fr\/annuaires\/wp-json\/wp\/v2\/posts"}],"about":[{"href":"https:\/\/www.lesmaconsdelacreuse.fr\/annuaires\/wp-json\/wp\/v2\/types\/post"}],"author":[{"embeddable":true,"href":"https:\/\/www.lesmaconsdelacreuse.fr\/annuaires\/wp-json\/wp\/v2\/users\/2"}],"replies":[{"embeddable":true,"href":"https:\/\/www.lesmaconsdelacreuse.fr\/annuaires\/wp-json\/wp\/v2\/comments?post=37567"}],"version-history":[{"count":0,"href":"https:\/\/www.lesmaconsdelacreuse.fr\/annuaires\/wp-json\/wp\/v2\/posts\/37567\/revisions"}],"wp:attachment":[{"href":"https:\/\/www.lesmaconsdelacreuse.fr\/annuaires\/wp-json\/wp\/v2\/media?parent=37567"}],"wp:term":[{"taxonomy":"category","embeddable":true,"href":"https:\/\/www.lesmaconsdelacreuse.fr\/annuaires\/wp-json\/wp\/v2\/categories?post=37567"},{"taxonomy":"post_tag","embeddable":true,"href":"https:\/\/www.lesmaconsdelacreuse.fr\/annuaires\/wp-json\/wp\/v2\/tags?post=37567"}],"curies":[{"name":"wp","href":"https:\/\/api.w.org\/{rel}","templated":true}]}}