{"id":37569,"date":"2019-08-04T17:22:31","date_gmt":"2019-08-04T15:22:31","guid":{"rendered":"http:\/\/lesmaconsdelacreuse.fr\/annuaire\/?p=37569"},"modified":"2020-01-20T11:07:57","modified_gmt":"2020-01-20T10:07:57","slug":"m_171","status":"publish","type":"post","link":"https:\/\/www.lesmaconsdelacreuse.fr\/annuaires\/lettre-m\/m_171\/","title":{"rendered":"MARTIN Auguste (1878-1962)"},"content":{"rendered":"<p class=\"last-updated\"><strong>Mis \u00e0 jour le :<\/strong> 29\/04\/2026<\/p><h2 style=\"text-align: center;\"><strong>Auguste MARTIN<\/strong><\/h2>\n<p style=\"text-align: center;\"><strong>1878 &#8211; 1962<\/strong><\/p>\n<p style=\"text-align: center;\"><img decoding=\"async\" title=\"\" src=\"https:\/\/lesmaconsdelacreuse.fr\/annuaire\/wp-content\/uploads\/2019\/08\/image1-1229.jpg\" alt=\"\" data-asset-id=\"37563\" data-source-id=\"i.0\" \/><\/p>\n<h4 style=\"text-align: center;\"><span style=\"color: #008000;\"><strong>ma\u00e7on<\/strong><\/span><\/h4>\n<p style=\"text-align: center;\">n\u00e9 \u00e0 Pont (Saint-Martin-Ch\u00e2teau)<\/p>\n<p style=\"text-align: center;\">le 7 octobre 1878<\/p>\n<p style=\"text-align: center;\">fils de<\/p>\n<p style=\"text-align: center;\">Georges Eug\u00e8ne MARTIN, <span style=\"color: #008000;\"><strong>ma\u00e7on<\/strong><\/span><\/p>\n<p style=\"text-align: center;\">Marie CLAV\u00c9ROLAS, blanchisseuse<\/p>\n<p style=\"text-align: center;\"><span style=\"color: #ffffff;\">\u25d9<\/span><\/p>\n<p><strong>En 1899<\/strong><em>, Auguste travaille dans la <\/em><span style=\"color: #0000ff;\"><strong>Seine <\/strong><\/span><em>et y passe le conseil de r\u00e9vision.<\/em><\/p>\n<p><strong>En 1900<\/strong><em>, il travaille \u00e0 <\/em><span style=\"color: #0000ff;\"><strong>Paris (75) <\/strong><\/span><em>et loge 27, rue des \u00c9pinettes.<\/em><\/p>\n<p><em> Il \u00e9pouse Marie <\/em><strong>BARJONNET<\/strong><em> le 8 f\u00e9vrier <\/em><strong>1902<\/strong><em> \u00e0 Saint-Martin (contrat Toumieux \u00e0 Roy\u00e8re). Ils vivent d\u2019abord \u00e0 Pont.<\/em><\/p>\n<p>En mars 1902 et f\u00e9vrier <strong>1903<\/strong><em><strong>,<\/strong> Auguste est \u00e0 <\/em><span style=\"color: #0000ff;\"><strong>Levallois-Perret (92)<\/strong><\/span><em>, 6, passage d\u2019I\u00e9na\u00a0;<\/em><\/p>\n<p>en d\u00e9cembre 1903<em>, \u00e0 Paris, 25, rue Lantier.<\/em><\/p>\n<p><strong>En 1930<\/strong><em>, les \u00e9poux sont ensemble \u00e0 Paris, 35, rue Davy.<\/em><\/p>\n<p><em>Ils d\u00e9c\u00e8dent\u00a0:<\/em><\/p>\n<ul>\n<li><em>Auguste, \u00e0 Pont, le 26 janvier <\/em><strong>1962<\/strong><em>, \u00e2g\u00e9 de 83 ans<\/em><\/li>\n<li><em>Marie, \u00e0 Gu\u00e9ret, le 23 mars <\/em><strong>1977<\/strong><em>, \u00e2g\u00e9e de 95 ans<\/em><\/li>\n<\/ul>\n<p>&nbsp;<\/p>\n<p><strong>\u00a0<\/strong><\/p>\n<p>&nbsp;<\/p>\n<p><em>\u00a0<\/em><\/p>\n<p>&nbsp;<\/p>\n","protected":false},"excerpt":{"rendered":"<p>Mis \u00e0 jour le : 29\/04\/2026Auguste MARTIN 1878 &#8211; 1962 ma\u00e7on n\u00e9 \u00e0 Pont (Saint-Martin-Ch\u00e2teau) le 7 octobre 1878 fils de Georges Eug\u00e8ne MARTIN, ma\u00e7on Marie CLAV\u00c9ROLAS, blanchisseuse \u25d9 En 1899, Auguste travaille dans la Seine et y passe le conseil de r\u00e9vision. En 1900, il travaille \u00e0 Paris (75) et loge 27, rue des ..<\/p>\n<div class=\"clear-fix\"><\/div>\n<p><a href=\"https:\/\/www.lesmaconsdelacreuse.fr\/annuaires\/lettre-m\/m_171\/\" title=\"Lire la suite...\">Lire la suite<\/a><\/p>\n","protected":false},"author":2,"featured_media":0,"comment_status":"closed","ping_status":"closed","sticky":false,"template":"","format":"standard","meta":{"_acf_changed":false,"_exactmetrics_skip_tracking":false,"_exactmetrics_sitenote_active":false,"_exactmetrics_sitenote_note":"","_exactmetrics_sitenote_category":0,"footnotes":""},"categories":[14],"tags":[],"class_list":["post-37569","post","type-post","status-publish","format-standard","hentry","category-lettre-m"],"acf":[],"_links":{"self":[{"href":"https:\/\/www.lesmaconsdelacreuse.fr\/annuaires\/wp-json\/wp\/v2\/posts\/37569","targetHints":{"allow":["GET"]}}],"collection":[{"href":"https:\/\/www.lesmaconsdelacreuse.fr\/annuaires\/wp-json\/wp\/v2\/posts"}],"about":[{"href":"https:\/\/www.lesmaconsdelacreuse.fr\/annuaires\/wp-json\/wp\/v2\/types\/post"}],"author":[{"embeddable":true,"href":"https:\/\/www.lesmaconsdelacreuse.fr\/annuaires\/wp-json\/wp\/v2\/users\/2"}],"replies":[{"embeddable":true,"href":"https:\/\/www.lesmaconsdelacreuse.fr\/annuaires\/wp-json\/wp\/v2\/comments?post=37569"}],"version-history":[{"count":0,"href":"https:\/\/www.lesmaconsdelacreuse.fr\/annuaires\/wp-json\/wp\/v2\/posts\/37569\/revisions"}],"wp:attachment":[{"href":"https:\/\/www.lesmaconsdelacreuse.fr\/annuaires\/wp-json\/wp\/v2\/media?parent=37569"}],"wp:term":[{"taxonomy":"category","embeddable":true,"href":"https:\/\/www.lesmaconsdelacreuse.fr\/annuaires\/wp-json\/wp\/v2\/categories?post=37569"},{"taxonomy":"post_tag","embeddable":true,"href":"https:\/\/www.lesmaconsdelacreuse.fr\/annuaires\/wp-json\/wp\/v2\/tags?post=37569"}],"curies":[{"name":"wp","href":"https:\/\/api.w.org\/{rel}","templated":true}]}}