{"id":37572,"date":"2019-08-04T17:22:32","date_gmt":"2019-08-04T15:22:32","guid":{"rendered":"http:\/\/lesmaconsdelacreuse.fr\/annuaire\/?p=37572"},"modified":"2020-01-20T11:07:56","modified_gmt":"2020-01-20T10:07:56","slug":"m_136","status":"publish","type":"post","link":"https:\/\/www.lesmaconsdelacreuse.fr\/annuaires\/lettre-m\/m_136\/","title":{"rendered":"MARITAUD Pierre (1874-1944)"},"content":{"rendered":"<p class=\"last-updated\"><strong>Mis \u00e0 jour le :<\/strong> 29\/04\/2026<\/p><h2 style=\"text-align: center;\"><strong>Pierre MARITAUD<\/strong><\/h2>\n<p style=\"text-align: center;\"><strong>1874 &#8211; 1944<\/strong><\/p>\n<p style=\"text-align: center;\"><img loading=\"lazy\" decoding=\"async\" class=\"\" title=\"\" src=\"https:\/\/lesmaconsdelacreuse.fr\/annuaire\/wp-content\/uploads\/2019\/08\/image1-1231.jpg\" alt=\"\" width=\"387\" height=\"75\" data-asset-id=\"37571\" data-source-id=\"i.0\" \/><\/p>\n<h4 style=\"text-align: center;\"><span style=\"color: #008000;\"><strong>ma\u00e7on <\/strong>et <strong>propri\u00e9taire cultivateur<\/strong><\/span><\/h4>\n<p style=\"text-align: center;\">n\u00e9 au moulin de Chez-Lavergne (Bourganeuf)<\/p>\n<p style=\"text-align: center;\">le 10 octobre 1874<\/p>\n<p style=\"text-align: center;\">fils de<\/p>\n<p style=\"text-align: center;\">L\u00e9onard MARITAUD \/ Madeleine GANAUD<\/p>\n<p style=\"text-align: center;\">propri\u00e9taires cultivateurs<\/p>\n<p style=\"text-align: center;\"><span style=\"color: #ffffff;\">\u25d9<\/span><\/p>\n<p><strong>En 1895<\/strong><em>, Pierre , domicili\u00e9 \u00e0 Vige (Saint-Junien-la-Breg\u00e8re) avec ses parents, travaille dans la <\/em><span style=\"color: #0000ff;\"><strong>Seine <\/strong><\/span><em>et y passe le conseil de r\u00e9vision. Il s\u2019y pr\u00e9sente avec une fracture du bras gauche. Il est class\u00e9 dans les services auxiliaires pour difformit\u00e9 du coude gauche.<\/em><\/p>\n<p><em>Il travaille \u00e0 <\/em><span style=\"color: #0000ff;\"><strong>Paris (75)<\/strong><\/span><em>, et loge\u00a0:<\/em><\/p>\n<p><strong>en 1896<\/strong><em>, 1, rue Laplace\u00a0;<\/em><\/p>\n<p><strong>en 1897<\/strong><em>, 38, rue de la Montagne-Sainte-Genevi\u00e8ve\u00a0;<\/em><\/p>\n<p><strong>en 1898<\/strong><em>, 6, rue Descartes dans le 5e arrondissement.<\/em><\/p>\n<p><em> Il \u00e9pouse Marie <\/em><strong>SURDIEUX<\/strong><em> le 2 mars <\/em><strong>1899<\/strong><em> \u00e0 Saint-Junien (contrat Malinvaud \u00e0 Bourganeuf). Le couple vit d\u2019abord \u00e0 Vige.<\/em><\/p>\n<p><strong>De 1905 \u00e0 1908 <\/strong><em>au moins, ils sont \u00e0 Paris, 4, rue de Bi\u00e8vre, 5e arrondissement\u00a0;<\/em><\/p>\n<p><strong>en 1910<\/strong><em>, 37, rue Descartes\u00a0;<\/em><\/p>\n<p><strong>en 1917<\/strong><em>, \u00e0 <\/em><strong><span style=\"color: #0000ff;\">Plessis-de-Roye (60)<\/span>\u00a0<\/strong><em>;<\/em><\/p>\n<p><strong>en 1918<\/strong><em>, de nouveau \u00e0 Paris 4, rue de Bi\u00e8vre. <\/em><\/p>\n<p><em>Ils d\u00e9c\u00e8dent \u00e0 Vige\u00a0:<\/em><\/p>\n<ul>\n<li><em>Pierre, le 9 octobre <\/em><strong>1944<\/strong><em>, \u00e2g\u00e9 de 69 ans<\/em><\/li>\n<li><em>Marie, le 21 janvier <\/em><strong>1957<\/strong><em>, \u00e2g\u00e9e de 80 ans<\/em><\/li>\n<\/ul>\n","protected":false},"excerpt":{"rendered":"<p>Mis \u00e0 jour le : 29\/04\/2026Pierre MARITAUD 1874 &#8211; 1944 ma\u00e7on et propri\u00e9taire cultivateur n\u00e9 au moulin de Chez-Lavergne (Bourganeuf) le 10 octobre 1874 fils de L\u00e9onard MARITAUD \/ Madeleine GANAUD propri\u00e9taires cultivateurs \u25d9 En 1895, Pierre , domicili\u00e9 \u00e0 Vige (Saint-Junien-la-Breg\u00e8re) avec ses parents, travaille dans la Seine et y passe le conseil de ..<\/p>\n<div class=\"clear-fix\"><\/div>\n<p><a href=\"https:\/\/www.lesmaconsdelacreuse.fr\/annuaires\/lettre-m\/m_136\/\" title=\"Lire la suite...\">Lire la suite<\/a><\/p>\n","protected":false},"author":2,"featured_media":0,"comment_status":"closed","ping_status":"closed","sticky":false,"template":"","format":"standard","meta":{"_acf_changed":false,"_exactmetrics_skip_tracking":false,"_exactmetrics_sitenote_active":false,"_exactmetrics_sitenote_note":"","_exactmetrics_sitenote_category":0,"footnotes":""},"categories":[14],"tags":[],"class_list":["post-37572","post","type-post","status-publish","format-standard","hentry","category-lettre-m"],"acf":[],"_links":{"self":[{"href":"https:\/\/www.lesmaconsdelacreuse.fr\/annuaires\/wp-json\/wp\/v2\/posts\/37572","targetHints":{"allow":["GET"]}}],"collection":[{"href":"https:\/\/www.lesmaconsdelacreuse.fr\/annuaires\/wp-json\/wp\/v2\/posts"}],"about":[{"href":"https:\/\/www.lesmaconsdelacreuse.fr\/annuaires\/wp-json\/wp\/v2\/types\/post"}],"author":[{"embeddable":true,"href":"https:\/\/www.lesmaconsdelacreuse.fr\/annuaires\/wp-json\/wp\/v2\/users\/2"}],"replies":[{"embeddable":true,"href":"https:\/\/www.lesmaconsdelacreuse.fr\/annuaires\/wp-json\/wp\/v2\/comments?post=37572"}],"version-history":[{"count":0,"href":"https:\/\/www.lesmaconsdelacreuse.fr\/annuaires\/wp-json\/wp\/v2\/posts\/37572\/revisions"}],"wp:attachment":[{"href":"https:\/\/www.lesmaconsdelacreuse.fr\/annuaires\/wp-json\/wp\/v2\/media?parent=37572"}],"wp:term":[{"taxonomy":"category","embeddable":true,"href":"https:\/\/www.lesmaconsdelacreuse.fr\/annuaires\/wp-json\/wp\/v2\/categories?post=37572"},{"taxonomy":"post_tag","embeddable":true,"href":"https:\/\/www.lesmaconsdelacreuse.fr\/annuaires\/wp-json\/wp\/v2\/tags?post=37572"}],"curies":[{"name":"wp","href":"https:\/\/api.w.org\/{rel}","templated":true}]}}