{"id":37578,"date":"2019-08-04T17:22:32","date_gmt":"2019-08-04T15:22:32","guid":{"rendered":"http:\/\/lesmaconsdelacreuse.fr\/annuaire\/?p=37578"},"modified":"2020-09-28T16:14:56","modified_gmt":"2020-09-28T14:14:56","slug":"m_144","status":"publish","type":"post","link":"https:\/\/www.lesmaconsdelacreuse.fr\/annuaires\/lettre-m\/m_144\/","title":{"rendered":"MARQUET Georges Louis (1859\u2013apr\u00e8s 1889)"},"content":{"rendered":"<p class=\"last-updated\"><strong>Mis \u00e0 jour le :<\/strong> 29\/04\/2026<\/p><h2 style=\"text-align: center;\"><strong>Georges Louis MARQUET<\/strong><\/h2>\n<p style=\"text-align: center;\"><strong>1859 \u2013 apr\u00e8s 1889<\/strong><\/p>\n<h4 style=\"text-align: center;\"><span style=\"color: #008000;\"><strong>ma\u00e7on<\/strong><\/span><\/h4>\n<p>&nbsp;<\/p>\n<p style=\"text-align: center;\">n\u00e9 \u00e0 Bourganeuf<\/p>\n<p style=\"text-align: center;\">le 23 mai 1859<\/p>\n<p style=\"text-align: center;\">fils de<\/p>\n<p style=\"text-align: center;\">Louis MARQUET \/ Anne MOREAU<\/p>\n<p style=\"text-align: center;\"><span style=\"color: #ffffff;\">\u25d9<\/span><\/p>\n<p><strong>En 1879<\/strong><em>, Georges habite Roy\u00e8re avec son p\u00e8re.<\/em><\/p>\n<p><strong>En 1881<\/strong><em>, il est condamn\u00e9 par le tribunal de la <\/em><span style=\"color: #0000ff;\"><strong>Seine (75) <\/strong><\/span><em>\u00e0 15 jours de prison pour \u25ba<a href=\"https:\/\/www.lesmaconsdelacreuse.fr\/annuaires\/wp-content\/uploads\/2020\/08\/VAGABONDAGE.png\" target=\"_blank\" rel=\"noopener noreferrer\">vagabondage<\/a>, puis \u00e0 2 mois de prison et 2 ans de surveillance pour vol.<\/em><\/p>\n<p><strong>En 1882<\/strong><em>, le m\u00eame tribunal le condamne \u00e0 2 mois de prison et 2 ans de surveillance pour vol, puis \u00e0 4 mois de prison pour \u25ba<a href=\"https:\/\/www.lesmaconsdelacreuse.fr\/annuaires\/wp-content\/uploads\/2019\/08\/RUPTURE-DE-BAN.png\" target=\"_blank\" rel=\"noopener noreferrer\"> rupture de ban<\/a>.<\/em><\/p>\n<p>&nbsp;<\/p>\n","protected":false},"excerpt":{"rendered":"<p>Mis \u00e0 jour le : 29\/04\/2026Georges Louis MARQUET 1859 \u2013 apr\u00e8s 1889 ma\u00e7on &nbsp; n\u00e9 \u00e0 Bourganeuf le 23 mai 1859 fils de Louis MARQUET \/ Anne MOREAU \u25d9 En 1879, Georges habite Roy\u00e8re avec son p\u00e8re. En 1881, il est condamn\u00e9 par le tribunal de la Seine (75) \u00e0 15 jours de prison pour ..<\/p>\n<div class=\"clear-fix\"><\/div>\n<p><a href=\"https:\/\/www.lesmaconsdelacreuse.fr\/annuaires\/lettre-m\/m_144\/\" title=\"Lire la suite...\">Lire la suite<\/a><\/p>\n","protected":false},"author":2,"featured_media":0,"comment_status":"closed","ping_status":"closed","sticky":false,"template":"","format":"standard","meta":{"_acf_changed":false,"_exactmetrics_skip_tracking":false,"_exactmetrics_sitenote_active":false,"_exactmetrics_sitenote_note":"","_exactmetrics_sitenote_category":0,"footnotes":""},"categories":[14],"tags":[],"class_list":["post-37578","post","type-post","status-publish","format-standard","hentry","category-lettre-m"],"acf":[],"_links":{"self":[{"href":"https:\/\/www.lesmaconsdelacreuse.fr\/annuaires\/wp-json\/wp\/v2\/posts\/37578","targetHints":{"allow":["GET"]}}],"collection":[{"href":"https:\/\/www.lesmaconsdelacreuse.fr\/annuaires\/wp-json\/wp\/v2\/posts"}],"about":[{"href":"https:\/\/www.lesmaconsdelacreuse.fr\/annuaires\/wp-json\/wp\/v2\/types\/post"}],"author":[{"embeddable":true,"href":"https:\/\/www.lesmaconsdelacreuse.fr\/annuaires\/wp-json\/wp\/v2\/users\/2"}],"replies":[{"embeddable":true,"href":"https:\/\/www.lesmaconsdelacreuse.fr\/annuaires\/wp-json\/wp\/v2\/comments?post=37578"}],"version-history":[{"count":0,"href":"https:\/\/www.lesmaconsdelacreuse.fr\/annuaires\/wp-json\/wp\/v2\/posts\/37578\/revisions"}],"wp:attachment":[{"href":"https:\/\/www.lesmaconsdelacreuse.fr\/annuaires\/wp-json\/wp\/v2\/media?parent=37578"}],"wp:term":[{"taxonomy":"category","embeddable":true,"href":"https:\/\/www.lesmaconsdelacreuse.fr\/annuaires\/wp-json\/wp\/v2\/categories?post=37578"},{"taxonomy":"post_tag","embeddable":true,"href":"https:\/\/www.lesmaconsdelacreuse.fr\/annuaires\/wp-json\/wp\/v2\/tags?post=37578"}],"curies":[{"name":"wp","href":"https:\/\/api.w.org\/{rel}","templated":true}]}}