{"id":37594,"date":"2019-08-04T17:22:33","date_gmt":"2019-08-04T15:22:33","guid":{"rendered":"http:\/\/lesmaconsdelacreuse.fr\/annuaire\/?p=37594"},"modified":"2020-01-20T11:07:54","modified_gmt":"2020-01-20T10:07:54","slug":"m_185","status":"publish","type":"post","link":"https:\/\/www.lesmaconsdelacreuse.fr\/annuaires\/lettre-m\/m_185\/","title":{"rendered":"MARTIN Fran\u00e7ois (1880-1914)"},"content":{"rendered":"<p class=\"last-updated\"><strong>Mis \u00e0 jour le :<\/strong> 29\/04\/2026<\/p><h2 style=\"text-align: center;\"><strong>Fran\u00e7ois MARTIN<\/strong><\/h2>\n<p style=\"text-align: center;\"><strong>1880 &#8211; 1914<\/strong><\/p>\n<h4 style=\"text-align: center;\"><span style=\"color: #008000;\"><strong>ma\u00e7on<\/strong><\/span><\/h4>\n<p style=\"text-align: center;\">n\u00e9 \u00e0 Auchaise (Roy\u00e8re)<\/p>\n<p style=\"text-align: center;\">le 5 ao\u00fbt 1880<\/p>\n<p style=\"text-align: center;\">fils de<\/p>\n<p style=\"text-align: center;\">Joseph MARTIN, <span style=\"color: #008000;\"><strong>ma\u00e7on <\/strong><\/span><strong>\/ <\/strong>Jeanne LANGE<\/p>\n<p style=\"text-align: center;\">propri\u00e9taires cultivateurs<\/p>\n<p style=\"text-align: center;\"><span style=\"color: #ffffff;\">\u25d9<\/span><\/p>\n<p><strong>En 1901<\/strong><em>, Fran\u00e7ois travaille dans la <\/em><span style=\"color: #0000ff;\"><strong>Seine <\/strong><\/span><em>et y passe le conseil de r\u00e9vision.<\/em><\/p>\n<p><em>Il travaille \u00e0 <\/em><span style=\"color: #0000ff;\"><strong>Paris (75)<\/strong><\/span><em>, et loge\u00a0:<\/em><\/p>\n<p><strong>en 1908<\/strong><em>, 3, rue Bonnet, 5e arrondissement\u00a0;<\/em><\/p>\n<p><strong>en 1909<\/strong><em>, 15, rue Ang\u00e9lique Compoint\u00a0;<\/em><\/p>\n<p><strong>en 1910<\/strong><em>, de nouveau 3, rue Bonnet\u00a0;<\/em><\/p>\n<p><strong>d\u00e9but 1914<\/strong><em><strong>,<\/strong> il est \u00e0 <\/em><span style=\"color: #0000ff;\"><strong>Saint-Ouen (93)<\/strong><\/span><em>, impasse Ang\u00e9lique.<\/em><\/p>\n<p><em>Soldat au 7e R\u00e9giment d\u2019Infanterie, il d\u00e9c\u00e8de <\/em><strong>c\u00e9libataire<\/strong><em> tu\u00e9 \u00e0 l\u2019ennemi en septembre <\/em><strong>1914<\/strong><em>, \u00e0 Saint-L\u00e9onard (51), \u00e2g\u00e9 de 34 ans.<\/em><\/p>\n","protected":false},"excerpt":{"rendered":"<p>Mis \u00e0 jour le : 29\/04\/2026Fran\u00e7ois MARTIN 1880 &#8211; 1914 ma\u00e7on n\u00e9 \u00e0 Auchaise (Roy\u00e8re) le 5 ao\u00fbt 1880 fils de Joseph MARTIN, ma\u00e7on \/ Jeanne LANGE propri\u00e9taires cultivateurs \u25d9 En 1901, Fran\u00e7ois travaille dans la Seine et y passe le conseil de r\u00e9vision. Il travaille \u00e0 Paris (75), et loge\u00a0: en 1908, 3, rue ..<\/p>\n<div class=\"clear-fix\"><\/div>\n<p><a href=\"https:\/\/www.lesmaconsdelacreuse.fr\/annuaires\/lettre-m\/m_185\/\" title=\"Lire la suite...\">Lire la suite<\/a><\/p>\n","protected":false},"author":2,"featured_media":0,"comment_status":"closed","ping_status":"closed","sticky":false,"template":"","format":"standard","meta":{"_acf_changed":false,"_exactmetrics_skip_tracking":false,"_exactmetrics_sitenote_active":false,"_exactmetrics_sitenote_note":"","_exactmetrics_sitenote_category":0,"footnotes":""},"categories":[14],"tags":[],"class_list":["post-37594","post","type-post","status-publish","format-standard","hentry","category-lettre-m"],"acf":[],"_links":{"self":[{"href":"https:\/\/www.lesmaconsdelacreuse.fr\/annuaires\/wp-json\/wp\/v2\/posts\/37594","targetHints":{"allow":["GET"]}}],"collection":[{"href":"https:\/\/www.lesmaconsdelacreuse.fr\/annuaires\/wp-json\/wp\/v2\/posts"}],"about":[{"href":"https:\/\/www.lesmaconsdelacreuse.fr\/annuaires\/wp-json\/wp\/v2\/types\/post"}],"author":[{"embeddable":true,"href":"https:\/\/www.lesmaconsdelacreuse.fr\/annuaires\/wp-json\/wp\/v2\/users\/2"}],"replies":[{"embeddable":true,"href":"https:\/\/www.lesmaconsdelacreuse.fr\/annuaires\/wp-json\/wp\/v2\/comments?post=37594"}],"version-history":[{"count":0,"href":"https:\/\/www.lesmaconsdelacreuse.fr\/annuaires\/wp-json\/wp\/v2\/posts\/37594\/revisions"}],"wp:attachment":[{"href":"https:\/\/www.lesmaconsdelacreuse.fr\/annuaires\/wp-json\/wp\/v2\/media?parent=37594"}],"wp:term":[{"taxonomy":"category","embeddable":true,"href":"https:\/\/www.lesmaconsdelacreuse.fr\/annuaires\/wp-json\/wp\/v2\/categories?post=37594"},{"taxonomy":"post_tag","embeddable":true,"href":"https:\/\/www.lesmaconsdelacreuse.fr\/annuaires\/wp-json\/wp\/v2\/tags?post=37594"}],"curies":[{"name":"wp","href":"https:\/\/api.w.org\/{rel}","templated":true}]}}