{"id":37595,"date":"2019-08-04T17:22:33","date_gmt":"2019-08-04T15:22:33","guid":{"rendered":"http:\/\/lesmaconsdelacreuse.fr\/annuaire\/?p=37595"},"modified":"2020-01-20T11:07:54","modified_gmt":"2020-01-20T10:07:54","slug":"m_141","status":"publish","type":"post","link":"https:\/\/www.lesmaconsdelacreuse.fr\/annuaires\/lettre-m\/m_141\/","title":{"rendered":"MARJOLLET Fran\u00e7ois (1855-1884)"},"content":{"rendered":"<p class=\"last-updated\"><strong>Mis \u00e0 jour le :<\/strong> 29\/04\/2026<\/p><h2 style=\"text-align: center;\"><strong>Fran\u00e7ois MARJOLLET<\/strong><\/h2>\n<p style=\"text-align: center;\"><strong>1855 &#8211; 1884<\/strong><\/p>\n<h4 style=\"text-align: center;\"><span style=\"color: #008000;\"><strong>ma\u00e7on <\/strong>et<strong> cultivateur<\/strong><\/span><\/h4>\n<p style=\"text-align: center;\">n\u00e9 \u00e0 Truffy (Saint-Junien-la-Breg\u00e8re)<\/p>\n<p style=\"text-align: center;\">le 25 novembre 1855<\/p>\n<p style=\"text-align: center;\">fils de<\/p>\n<p style=\"text-align: center;\">Fran\u00e7ois MARJOLLET, <span style=\"color: #008000;\"><strong>ma\u00e7on <\/strong><\/span><strong>\/ <\/strong>Genevi\u00e8ve PINLAUD<\/p>\n<p style=\"text-align: center;\">propri\u00e9taires cultivateurs<\/p>\n<p style=\"text-align: center;\"><span style=\"color: #ffffff;\">\u25d9<\/span><\/p>\n<p><strong>En 1876<\/strong><em>, Fran\u00e7ois travaille dans la <\/em><span style=\"color: #0000ff;\"><strong>Seine<\/strong><\/span><em> et y passe le conseil de r\u00e9vision. Il est dispens\u00e9 de service militaire, ayant un fr\u00e8re sous les drapeaux.<\/em><\/p>\n<p><em>A une \u00e9poque, il habite <\/em><span style=\"color: #0000ff;\"><strong>Paris (75)<\/strong><\/span><em>, 10, Rue Saint-\u00c9tienne-du-Mont.<\/em><\/p>\n<p><em>Il d\u00e9c\u00e8de cultivateur \u00e0 Truffy le 11 juin <\/em><strong>1884<\/strong><em>, \u00e2g\u00e9 de 28 ans. L\u2019acte ne pr\u00e9cise pas s\u2019il est mari\u00e9 ou c\u00e9libataire.<\/em><\/p>\n","protected":false},"excerpt":{"rendered":"<p>Mis \u00e0 jour le : 29\/04\/2026Fran\u00e7ois MARJOLLET 1855 &#8211; 1884 ma\u00e7on et cultivateur n\u00e9 \u00e0 Truffy (Saint-Junien-la-Breg\u00e8re) le 25 novembre 1855 fils de Fran\u00e7ois MARJOLLET, ma\u00e7on \/ Genevi\u00e8ve PINLAUD propri\u00e9taires cultivateurs \u25d9 En 1876, Fran\u00e7ois travaille dans la Seine et y passe le conseil de r\u00e9vision. Il est dispens\u00e9 de service militaire, ayant un fr\u00e8re ..<\/p>\n<div class=\"clear-fix\"><\/div>\n<p><a href=\"https:\/\/www.lesmaconsdelacreuse.fr\/annuaires\/lettre-m\/m_141\/\" title=\"Lire la suite...\">Lire la suite<\/a><\/p>\n","protected":false},"author":2,"featured_media":0,"comment_status":"closed","ping_status":"closed","sticky":false,"template":"","format":"standard","meta":{"_acf_changed":false,"_exactmetrics_skip_tracking":false,"_exactmetrics_sitenote_active":false,"_exactmetrics_sitenote_note":"","_exactmetrics_sitenote_category":0,"footnotes":""},"categories":[14],"tags":[],"class_list":["post-37595","post","type-post","status-publish","format-standard","hentry","category-lettre-m"],"acf":[],"_links":{"self":[{"href":"https:\/\/www.lesmaconsdelacreuse.fr\/annuaires\/wp-json\/wp\/v2\/posts\/37595","targetHints":{"allow":["GET"]}}],"collection":[{"href":"https:\/\/www.lesmaconsdelacreuse.fr\/annuaires\/wp-json\/wp\/v2\/posts"}],"about":[{"href":"https:\/\/www.lesmaconsdelacreuse.fr\/annuaires\/wp-json\/wp\/v2\/types\/post"}],"author":[{"embeddable":true,"href":"https:\/\/www.lesmaconsdelacreuse.fr\/annuaires\/wp-json\/wp\/v2\/users\/2"}],"replies":[{"embeddable":true,"href":"https:\/\/www.lesmaconsdelacreuse.fr\/annuaires\/wp-json\/wp\/v2\/comments?post=37595"}],"version-history":[{"count":0,"href":"https:\/\/www.lesmaconsdelacreuse.fr\/annuaires\/wp-json\/wp\/v2\/posts\/37595\/revisions"}],"wp:attachment":[{"href":"https:\/\/www.lesmaconsdelacreuse.fr\/annuaires\/wp-json\/wp\/v2\/media?parent=37595"}],"wp:term":[{"taxonomy":"category","embeddable":true,"href":"https:\/\/www.lesmaconsdelacreuse.fr\/annuaires\/wp-json\/wp\/v2\/categories?post=37595"},{"taxonomy":"post_tag","embeddable":true,"href":"https:\/\/www.lesmaconsdelacreuse.fr\/annuaires\/wp-json\/wp\/v2\/tags?post=37595"}],"curies":[{"name":"wp","href":"https:\/\/api.w.org\/{rel}","templated":true}]}}