{"id":37606,"date":"2019-08-04T17:22:33","date_gmt":"2019-08-04T15:22:33","guid":{"rendered":"http:\/\/lesmaconsdelacreuse.fr\/annuaire\/?p=37606"},"modified":"2020-01-20T11:07:53","modified_gmt":"2020-01-20T10:07:53","slug":"m_133","status":"publish","type":"post","link":"https:\/\/www.lesmaconsdelacreuse.fr\/annuaires\/lettre-m\/m_133\/","title":{"rendered":"MARITAUD L\u00e9onard (1800\u2013apr\u00e8s 1843)"},"content":{"rendered":"<p class=\"last-updated\"><strong>Mis \u00e0 jour le :<\/strong> 29\/04\/2026<\/p><h2 style=\"text-align: center;\"><strong>L\u00e9onard MARITAUD<\/strong><\/h2>\n<p style=\"text-align: center;\"><strong>1800 \u2013 apr\u00e8s 1843<\/strong><\/p>\n<p style=\"text-align: center;\"><img decoding=\"async\" title=\"\" src=\"https:\/\/lesmaconsdelacreuse.fr\/annuaire\/wp-content\/uploads\/2019\/08\/image1-1243.jpg\" alt=\"\" data-asset-id=\"37605\" data-source-id=\"i.0\" \/><\/p>\n<h4 style=\"text-align: center;\"><span style=\"color: #008000;\"><strong>ma\u00e7on <\/strong>et<strong> cultivateur<\/strong><\/span><\/h4>\n<p style=\"text-align: center;\">n\u00e9 \u00e0 Bouzogles (Bourganeuf)<\/p>\n<p style=\"text-align: center;\">le 15 flor\u00e9al an VIII (5 mai 1800)<\/p>\n<p style=\"text-align: center;\">fils de<\/p>\n<p style=\"text-align: center;\">Jean MARITAUD \/ L\u00e9onarde CADOUX<\/p>\n<p style=\"text-align: center;\"><span style=\"color: #ffffff;\">\u25d9<\/span><\/p>\n<p><em>L\u00e9onard \u00e9pouse L\u00e9onarde <\/em><strong>PEIX<\/strong><em> le 10 f\u00e9vrier <\/em><strong>1823<\/strong> <em>\u00e0 Peyrat-le-Ch\u00e2teau (87).<\/em><\/p>\n<p><em>L\u00e9onarde d\u00e9c\u00e8de \u00e0 Artens, commune de Peyrat, le 24 novembre <\/em><strong>1824<\/strong><em>. <\/em><\/p>\n<p><em>L\u00e9onard se remarie le 6 f\u00e9vrier <\/em><strong>1826<\/strong><em> \u00e0 Saint-Pierre-le-Bost avec Marguerite <\/em><strong>GIRAUDON<\/strong><em> (contrat Jarrijon \u00e0 Saint-Martin-Ch\u00e2teau).<\/em><\/p>\n<p><em>Ils habitent Lestrade, commune de Saint-Junien-la-Breg\u00e8re, puis Colombeix, commune de Saint-Amand-Jartoudeix.<\/em><\/p>\n","protected":false},"excerpt":{"rendered":"<p>Mis \u00e0 jour le : 29\/04\/2026L\u00e9onard MARITAUD 1800 \u2013 apr\u00e8s 1843 ma\u00e7on et cultivateur n\u00e9 \u00e0 Bouzogles (Bourganeuf) le 15 flor\u00e9al an VIII (5 mai 1800) fils de Jean MARITAUD \/ L\u00e9onarde CADOUX \u25d9 L\u00e9onard \u00e9pouse L\u00e9onarde PEIX le 10 f\u00e9vrier 1823 \u00e0 Peyrat-le-Ch\u00e2teau (87). L\u00e9onarde d\u00e9c\u00e8de \u00e0 Artens, commune de Peyrat, le 24 novembre ..<\/p>\n<div class=\"clear-fix\"><\/div>\n<p><a href=\"https:\/\/www.lesmaconsdelacreuse.fr\/annuaires\/lettre-m\/m_133\/\" title=\"Lire la suite...\">Lire la suite<\/a><\/p>\n","protected":false},"author":2,"featured_media":0,"comment_status":"closed","ping_status":"closed","sticky":false,"template":"","format":"standard","meta":{"_acf_changed":false,"_exactmetrics_skip_tracking":false,"_exactmetrics_sitenote_active":false,"_exactmetrics_sitenote_note":"","_exactmetrics_sitenote_category":0,"footnotes":""},"categories":[14],"tags":[],"class_list":["post-37606","post","type-post","status-publish","format-standard","hentry","category-lettre-m"],"acf":[],"_links":{"self":[{"href":"https:\/\/www.lesmaconsdelacreuse.fr\/annuaires\/wp-json\/wp\/v2\/posts\/37606","targetHints":{"allow":["GET"]}}],"collection":[{"href":"https:\/\/www.lesmaconsdelacreuse.fr\/annuaires\/wp-json\/wp\/v2\/posts"}],"about":[{"href":"https:\/\/www.lesmaconsdelacreuse.fr\/annuaires\/wp-json\/wp\/v2\/types\/post"}],"author":[{"embeddable":true,"href":"https:\/\/www.lesmaconsdelacreuse.fr\/annuaires\/wp-json\/wp\/v2\/users\/2"}],"replies":[{"embeddable":true,"href":"https:\/\/www.lesmaconsdelacreuse.fr\/annuaires\/wp-json\/wp\/v2\/comments?post=37606"}],"version-history":[{"count":0,"href":"https:\/\/www.lesmaconsdelacreuse.fr\/annuaires\/wp-json\/wp\/v2\/posts\/37606\/revisions"}],"wp:attachment":[{"href":"https:\/\/www.lesmaconsdelacreuse.fr\/annuaires\/wp-json\/wp\/v2\/media?parent=37606"}],"wp:term":[{"taxonomy":"category","embeddable":true,"href":"https:\/\/www.lesmaconsdelacreuse.fr\/annuaires\/wp-json\/wp\/v2\/categories?post=37606"},{"taxonomy":"post_tag","embeddable":true,"href":"https:\/\/www.lesmaconsdelacreuse.fr\/annuaires\/wp-json\/wp\/v2\/tags?post=37606"}],"curies":[{"name":"wp","href":"https:\/\/api.w.org\/{rel}","templated":true}]}}