{"id":37609,"date":"2019-08-04T17:22:34","date_gmt":"2019-08-04T15:22:34","guid":{"rendered":"http:\/\/lesmaconsdelacreuse.fr\/annuaire\/?p=37609"},"modified":"2022-04-16T13:32:04","modified_gmt":"2022-04-16T11:32:04","slug":"m_129","status":"publish","type":"post","link":"https:\/\/www.lesmaconsdelacreuse.fr\/annuaires\/lettre-m\/m_129\/","title":{"rendered":"MARITAUD Jean (1874\u2013apr\u00e8s 1921)"},"content":{"rendered":"<p class=\"last-updated\"><strong>Mis \u00e0 jour le :<\/strong> 29\/04\/2026<\/p><h2 style=\"text-align: center;\"><strong>Jean MARITAUD<\/strong><\/h2>\n<p style=\"text-align: center;\"><strong>1874 \u2013 apr\u00e8s 1921<\/strong><\/p>\n<p style=\"text-align: center;\"><img decoding=\"async\" title=\"\" src=\"https:\/\/lesmaconsdelacreuse.fr\/annuaire\/wp-content\/uploads\/2019\/08\/image1-1244.jpg\" alt=\"\" data-source-id=\"i.0\" data-asset-id=\"37608\" \/><\/p>\n<h4 style=\"text-align: center;\"><span style=\"color: #008000;\"><strong>ma\u00e7on<\/strong><\/span><\/h4>\n<p style=\"text-align: center;\">n\u00e9 \u00e0 Haute-Faye (Roy\u00e8re)<\/p>\n<p style=\"text-align: center;\">le 22 novembre 1874<\/p>\n<p style=\"text-align: center;\">fils de<\/p>\n<p style=\"text-align: center;\">Fran\u00e7ois MARITAUD, <span style=\"color: #008000;\"><strong>ma\u00e7on <\/strong><\/span><strong>\/ <\/strong>Marie-Anne BAUDY<\/p>\n<p style=\"text-align: center;\"><span style=\"color: #ffffff;\">\u25d9<\/span><\/p>\n<p><strong>En 1901<\/strong><em>, Jean est sergent au 157e R\u00e9giment d\u2019Infanterie, en garnison \u00e0 <\/em><strong><span style=\"color: #0000ff;\">Lyon<\/span> <span style=\"color: #0000ff;\">(69)<\/span><\/strong><span style=\"color: #0000ff;\"><em>.<\/em><\/span><\/p>\n<p><em>Il \u00e9pouse Anna <\/em><strong>CHAMBARETAUD<\/strong><em>, tireuse d\u2019or<\/em>,<em> le 27 avril de la m\u00eame ann\u00e9e \u00e0 Lyon 6e (mari\u00e9s sans contrat).<\/em><\/p>\n<p><strong>En 1921<\/strong><em>, ils habitent 132, rue T\u00eate d\u2019Or, 6<sup>e<\/sup> arrondissement.<\/em><\/p>\n","protected":false},"excerpt":{"rendered":"<p>Mis \u00e0 jour le : 29\/04\/2026Jean MARITAUD 1874 \u2013 apr\u00e8s 1921 ma\u00e7on n\u00e9 \u00e0 Haute-Faye (Roy\u00e8re) le 22 novembre 1874 fils de Fran\u00e7ois MARITAUD, ma\u00e7on \/ Marie-Anne BAUDY \u25d9 En 1901, Jean est sergent au 157e R\u00e9giment d\u2019Infanterie, en garnison \u00e0 Lyon (69). Il \u00e9pouse Anna CHAMBARETAUD, tireuse d\u2019or, le 27 avril de la m\u00eame ..<\/p>\n<div class=\"clear-fix\"><\/div>\n<p><a href=\"https:\/\/www.lesmaconsdelacreuse.fr\/annuaires\/lettre-m\/m_129\/\" title=\"Lire la suite...\">Lire la suite<\/a><\/p>\n","protected":false},"author":2,"featured_media":0,"comment_status":"closed","ping_status":"closed","sticky":false,"template":"","format":"standard","meta":{"_acf_changed":false,"_exactmetrics_skip_tracking":false,"_exactmetrics_sitenote_active":false,"_exactmetrics_sitenote_note":"","_exactmetrics_sitenote_category":0,"footnotes":""},"categories":[14],"tags":[],"class_list":["post-37609","post","type-post","status-publish","format-standard","hentry","category-lettre-m"],"acf":[],"_links":{"self":[{"href":"https:\/\/www.lesmaconsdelacreuse.fr\/annuaires\/wp-json\/wp\/v2\/posts\/37609","targetHints":{"allow":["GET"]}}],"collection":[{"href":"https:\/\/www.lesmaconsdelacreuse.fr\/annuaires\/wp-json\/wp\/v2\/posts"}],"about":[{"href":"https:\/\/www.lesmaconsdelacreuse.fr\/annuaires\/wp-json\/wp\/v2\/types\/post"}],"author":[{"embeddable":true,"href":"https:\/\/www.lesmaconsdelacreuse.fr\/annuaires\/wp-json\/wp\/v2\/users\/2"}],"replies":[{"embeddable":true,"href":"https:\/\/www.lesmaconsdelacreuse.fr\/annuaires\/wp-json\/wp\/v2\/comments?post=37609"}],"version-history":[{"count":1,"href":"https:\/\/www.lesmaconsdelacreuse.fr\/annuaires\/wp-json\/wp\/v2\/posts\/37609\/revisions"}],"predecessor-version":[{"id":197781,"href":"https:\/\/www.lesmaconsdelacreuse.fr\/annuaires\/wp-json\/wp\/v2\/posts\/37609\/revisions\/197781"}],"wp:attachment":[{"href":"https:\/\/www.lesmaconsdelacreuse.fr\/annuaires\/wp-json\/wp\/v2\/media?parent=37609"}],"wp:term":[{"taxonomy":"category","embeddable":true,"href":"https:\/\/www.lesmaconsdelacreuse.fr\/annuaires\/wp-json\/wp\/v2\/categories?post=37609"},{"taxonomy":"post_tag","embeddable":true,"href":"https:\/\/www.lesmaconsdelacreuse.fr\/annuaires\/wp-json\/wp\/v2\/tags?post=37609"}],"curies":[{"name":"wp","href":"https:\/\/api.w.org\/{rel}","templated":true}]}}