{"id":37613,"date":"2019-08-04T17:22:34","date_gmt":"2019-08-04T15:22:34","guid":{"rendered":"http:\/\/lesmaconsdelacreuse.fr\/annuaire\/?p=37613"},"modified":"2020-01-20T11:07:53","modified_gmt":"2020-01-20T10:07:53","slug":"m_118","status":"publish","type":"post","link":"https:\/\/www.lesmaconsdelacreuse.fr\/annuaires\/lettre-m\/m_118\/","title":{"rendered":"MARIOT Jean (1860-1927)"},"content":{"rendered":"<p class=\"last-updated\"><strong>Mis \u00e0 jour le :<\/strong> 29\/04\/2026<\/p><h2 style=\"text-align: center;\"><strong>Jean MARIOT<\/strong><\/h2>\n<p style=\"text-align: center;\"><strong>1860 &#8211; 1927<\/strong><\/p>\n<p style=\"text-align: center;\"><img decoding=\"async\" title=\"\" src=\"https:\/\/lesmaconsdelacreuse.fr\/annuaire\/wp-content\/uploads\/2019\/08\/image1-1245.jpg\" alt=\"\" data-source-id=\"i.0\" data-asset-id=\"37610\" \/><\/p>\n<h4 style=\"text-align: center;\"><span style=\"color: #008000;\"><strong>ma\u00e7on<\/strong><\/span><\/h4>\n<p style=\"text-align: center;\">n\u00e9 \u00e0 Vervialle (Gentioux)<\/p>\n<p style=\"text-align: center;\">le 13 ao\u00fbt 1860<\/p>\n<p style=\"text-align: center;\">fils de<\/p>\n<p style=\"text-align: center;\">Pierre MARIOT \/ Anne BAYLE<\/p>\n<p style=\"text-align: center;\">propri\u00e9taires cultivateurs<\/p>\n<p style=\"text-align: center;\"><span style=\"color: #ffffff;\">\u25d9<\/span><\/p>\n<p><strong>En 1880<\/strong>, <em>Jean habite Roy\u00e8re avec ses parents.<\/em><\/p>\n<p><strong>En 1882<\/strong><em>, il travaille \u00e0 <\/em><strong><span style=\"color: #0000ff;\">Montm\u00e9las (69)<\/span>\u00a0<\/strong><em>;<\/em><\/p>\n<p><strong>en 1884<\/strong><em>, \u00e0 <\/em><span style=\"color: #0000ff;\"><strong>Lyon (69)<\/strong><\/span><em>, habitant 7, cours Lafayette.<\/em><\/p>\n<p><em> Il \u00e9pouse Marie <\/em><strong>BUREAU<\/strong><em>, servante, le 3 mars <\/em><strong>1885<\/strong><em> \u00e0 Roy\u00e8re\u00a0 (contrat Toumieux). Ils habitent Vergnolas. <\/em><\/p>\n<p><strong>En 1886, 1887 et 1888<\/strong><em>, Jean est \u00e0 <\/em>Saint-Rambert-l\u2019Ile-Barbe (69)<em>.<\/em><\/p>\n<p><em>Les \u00e9poux d\u00e9c\u00e8dent \u00e0 Vergnolas\u00a0:<\/em><\/p>\n<ul>\n<li><em>Jean, le 14 d\u00e9cembre <\/em><strong>1927<\/strong><em>, \u00e2g\u00e9 de 67 ans<\/em><\/li>\n<li><em>Marie, le 29 novembre <\/em><strong>1951<\/strong><em>, \u00e2g\u00e9e de 92 ans<\/em><\/li>\n<\/ul>\n<p>&nbsp;<\/p>\n","protected":false},"excerpt":{"rendered":"<p>Mis \u00e0 jour le : 29\/04\/2026Jean MARIOT 1860 &#8211; 1927 ma\u00e7on n\u00e9 \u00e0 Vervialle (Gentioux) le 13 ao\u00fbt 1860 fils de Pierre MARIOT \/ Anne BAYLE propri\u00e9taires cultivateurs \u25d9 En 1880, Jean habite Roy\u00e8re avec ses parents. En 1882, il travaille \u00e0 Montm\u00e9las (69)\u00a0; en 1884, \u00e0 Lyon (69), habitant 7, cours Lafayette. Il \u00e9pouse ..<\/p>\n<div class=\"clear-fix\"><\/div>\n<p><a href=\"https:\/\/www.lesmaconsdelacreuse.fr\/annuaires\/lettre-m\/m_118\/\" title=\"Lire la suite...\">Lire la suite<\/a><\/p>\n","protected":false},"author":2,"featured_media":0,"comment_status":"closed","ping_status":"closed","sticky":false,"template":"","format":"standard","meta":{"_acf_changed":false,"_exactmetrics_skip_tracking":false,"_exactmetrics_sitenote_active":false,"_exactmetrics_sitenote_note":"","_exactmetrics_sitenote_category":0,"footnotes":""},"categories":[14],"tags":[],"class_list":["post-37613","post","type-post","status-publish","format-standard","hentry","category-lettre-m"],"acf":[],"_links":{"self":[{"href":"https:\/\/www.lesmaconsdelacreuse.fr\/annuaires\/wp-json\/wp\/v2\/posts\/37613","targetHints":{"allow":["GET"]}}],"collection":[{"href":"https:\/\/www.lesmaconsdelacreuse.fr\/annuaires\/wp-json\/wp\/v2\/posts"}],"about":[{"href":"https:\/\/www.lesmaconsdelacreuse.fr\/annuaires\/wp-json\/wp\/v2\/types\/post"}],"author":[{"embeddable":true,"href":"https:\/\/www.lesmaconsdelacreuse.fr\/annuaires\/wp-json\/wp\/v2\/users\/2"}],"replies":[{"embeddable":true,"href":"https:\/\/www.lesmaconsdelacreuse.fr\/annuaires\/wp-json\/wp\/v2\/comments?post=37613"}],"version-history":[{"count":0,"href":"https:\/\/www.lesmaconsdelacreuse.fr\/annuaires\/wp-json\/wp\/v2\/posts\/37613\/revisions"}],"wp:attachment":[{"href":"https:\/\/www.lesmaconsdelacreuse.fr\/annuaires\/wp-json\/wp\/v2\/media?parent=37613"}],"wp:term":[{"taxonomy":"category","embeddable":true,"href":"https:\/\/www.lesmaconsdelacreuse.fr\/annuaires\/wp-json\/wp\/v2\/categories?post=37613"},{"taxonomy":"post_tag","embeddable":true,"href":"https:\/\/www.lesmaconsdelacreuse.fr\/annuaires\/wp-json\/wp\/v2\/tags?post=37613"}],"curies":[{"name":"wp","href":"https:\/\/api.w.org\/{rel}","templated":true}]}}