{"id":37614,"date":"2019-08-04T17:22:34","date_gmt":"2019-08-04T15:22:34","guid":{"rendered":"http:\/\/lesmaconsdelacreuse.fr\/annuaire\/?p=37614"},"modified":"2020-10-12T15:57:48","modified_gmt":"2020-10-12T13:57:48","slug":"m_131","status":"publish","type":"post","link":"https:\/\/www.lesmaconsdelacreuse.fr\/annuaires\/lettre-m\/m_131\/","title":{"rendered":"MARITAUD L\u00e9onard (1714\u2013apr\u00e8s 1770)"},"content":{"rendered":"<p class=\"last-updated\"><strong>Mis \u00e0 jour le :<\/strong> 29\/04\/2026<\/p><h2 style=\"text-align: center;\"><strong>L\u00e9onard MARITAUD<\/strong><\/h2>\n<p style=\"text-align: center;\"><strong>1714 \u2013 apr\u00e8s 1770<\/strong><\/p>\n<p style=\"text-align: center;\"><img decoding=\"async\" title=\"\" src=\"https:\/\/lesmaconsdelacreuse.fr\/annuaire\/wp-content\/uploads\/2019\/08\/image1-1246.jpg\" alt=\"\" data-source-id=\"i.0\" data-asset-id=\"37611\" \/><\/p>\n<h4 style=\"text-align: center;\"><strong>\u25ba\u00a0<a href=\"https:\/\/www.lesmaconsdelacreuse.fr\/annuaires\/wp-content\/uploads\/2020\/07\/MA\u00ceTRE-MA\u00c7ON.png\" target=\"_blank\" rel=\"noopener noreferrer\"><span style=\"color: #008000;\">ma\u00eetre ma\u00e7on<\/span><\/a>\u00a0<\/strong><span style=\"color: #008000;\">et<strong> cultivateur<\/strong><\/span><\/h4>\n<p>&nbsp;<\/p>\n<p style=\"text-align: center;\">n\u00e9 \u00e0 Pr\u00e9sench\u00e8re (Charri\u00e8re)<\/p>\n<p style=\"text-align: center;\">le 1er novembre 1714<\/p>\n<p style=\"text-align: center;\">fils de<\/p>\n<p style=\"text-align: center;\">L\u00e9onard MARITAUD \/ Jeanne BARNIQUE<\/p>\n<p style=\"text-align: center;\"><span style=\"color: #ffffff;\">\u25d9<\/span><\/p>\n<p><em>L\u00e9onard \u00e9pouse Marguerite <\/em><strong>LEFAURE <\/strong><em>le 7 f\u00e9vrier <\/em><strong>1735<\/strong><em> \u00e0 Charri\u00e8re. Ils habitent Pr\u00e9sench\u00e8re.<\/em><\/p>\n<p><em>Marguerite y d\u00e9c\u00e8de le 29 d\u00e9cembre <\/em><strong>1753<\/strong><em>, \u00e2g\u00e9e de 36 ans environ. <\/em><\/p>\n<p><em>L\u00e9onard se remarie le 18 f\u00e9vrier <\/em><strong>1754<\/strong><em> \u00e0 Charri\u00e8re avec Magdeleine <\/em><strong>CHAUM\u00c9NY<\/strong><em>. Ils habitent \u00e9galement Pr\u00e9sench\u00e8re. <\/em><\/p>\n<p><em>Magdeleine y d\u00e9c\u00e8de le 16 avril <\/em><strong>1770<\/strong><em>, \u00e2g\u00e9e de 70 ans environ.<\/em><\/p>\n<p>&nbsp;<\/p>\n","protected":false},"excerpt":{"rendered":"<p>Mis \u00e0 jour le : 29\/04\/2026L\u00e9onard MARITAUD 1714 \u2013 apr\u00e8s 1770 \u25ba\u00a0ma\u00eetre ma\u00e7on\u00a0et cultivateur &nbsp; n\u00e9 \u00e0 Pr\u00e9sench\u00e8re (Charri\u00e8re) le 1er novembre 1714 fils de L\u00e9onard MARITAUD \/ Jeanne BARNIQUE \u25d9 L\u00e9onard \u00e9pouse Marguerite LEFAURE le 7 f\u00e9vrier 1735 \u00e0 Charri\u00e8re. Ils habitent Pr\u00e9sench\u00e8re. Marguerite y d\u00e9c\u00e8de le 29 d\u00e9cembre 1753, \u00e2g\u00e9e de 36 ans ..<\/p>\n<div class=\"clear-fix\"><\/div>\n<p><a href=\"https:\/\/www.lesmaconsdelacreuse.fr\/annuaires\/lettre-m\/m_131\/\" title=\"Lire la suite...\">Lire la suite<\/a><\/p>\n","protected":false},"author":2,"featured_media":0,"comment_status":"closed","ping_status":"closed","sticky":false,"template":"","format":"standard","meta":{"_acf_changed":false,"_exactmetrics_skip_tracking":false,"_exactmetrics_sitenote_active":false,"_exactmetrics_sitenote_note":"","_exactmetrics_sitenote_category":0,"footnotes":""},"categories":[14],"tags":[],"class_list":["post-37614","post","type-post","status-publish","format-standard","hentry","category-lettre-m"],"acf":[],"_links":{"self":[{"href":"https:\/\/www.lesmaconsdelacreuse.fr\/annuaires\/wp-json\/wp\/v2\/posts\/37614","targetHints":{"allow":["GET"]}}],"collection":[{"href":"https:\/\/www.lesmaconsdelacreuse.fr\/annuaires\/wp-json\/wp\/v2\/posts"}],"about":[{"href":"https:\/\/www.lesmaconsdelacreuse.fr\/annuaires\/wp-json\/wp\/v2\/types\/post"}],"author":[{"embeddable":true,"href":"https:\/\/www.lesmaconsdelacreuse.fr\/annuaires\/wp-json\/wp\/v2\/users\/2"}],"replies":[{"embeddable":true,"href":"https:\/\/www.lesmaconsdelacreuse.fr\/annuaires\/wp-json\/wp\/v2\/comments?post=37614"}],"version-history":[{"count":0,"href":"https:\/\/www.lesmaconsdelacreuse.fr\/annuaires\/wp-json\/wp\/v2\/posts\/37614\/revisions"}],"wp:attachment":[{"href":"https:\/\/www.lesmaconsdelacreuse.fr\/annuaires\/wp-json\/wp\/v2\/media?parent=37614"}],"wp:term":[{"taxonomy":"category","embeddable":true,"href":"https:\/\/www.lesmaconsdelacreuse.fr\/annuaires\/wp-json\/wp\/v2\/categories?post=37614"},{"taxonomy":"post_tag","embeddable":true,"href":"https:\/\/www.lesmaconsdelacreuse.fr\/annuaires\/wp-json\/wp\/v2\/tags?post=37614"}],"curies":[{"name":"wp","href":"https:\/\/api.w.org\/{rel}","templated":true}]}}