{"id":37619,"date":"2019-08-04T17:22:34","date_gmt":"2019-08-04T15:22:34","guid":{"rendered":"http:\/\/lesmaconsdelacreuse.fr\/annuaire\/?p=37619"},"modified":"2023-01-03T13:18:45","modified_gmt":"2023-01-03T12:18:45","slug":"m_187","status":"publish","type":"post","link":"https:\/\/www.lesmaconsdelacreuse.fr\/annuaires\/lettre-m\/m_187\/","title":{"rendered":"MARTIN Gabriel (1666\u20131707)"},"content":{"rendered":"<p class=\"last-updated\"><strong>Mis \u00e0 jour le :<\/strong> 29\/04\/2026<\/p><h2 style=\"text-align: center;\"><strong>Gabriel MARTIN<\/strong><\/h2>\n<p style=\"text-align: center;\"><strong>1666 \u2013 1707<\/strong><\/p>\n<p style=\"text-align: center;\"><img decoding=\"async\" title=\"\" src=\"https:\/\/lesmaconsdelacreuse.fr\/annuaire\/wp-content\/uploads\/2019\/08\/image1-1247.jpg\" alt=\"\" data-source-id=\"i.0\" data-asset-id=\"37618\" \/><\/p>\n<h4 style=\"text-align: center;\"><span style=\"color: #008000;\"><strong>ma\u00e7on <\/strong>et<strong> laboureur<\/strong><\/span><\/h4>\n<p style=\"text-align: center;\">n\u00e9 \u00e0 Andaleix (Roy\u00e8re)<\/p>\n<p style=\"text-align: center;\">le 31 mars 1666<\/p>\n<p style=\"text-align: center;\">fils de<\/p>\n<p style=\"text-align: center;\">Fran\u00e7ois MARTIN \/ Louise LEPETIT<\/p>\n<p style=\"text-align: center;\">laboureurs<\/p>\n<p style=\"text-align: center;\"><span style=\"color: #ffffff;\">\u25d9<\/span><\/p>\n<p><em>Gabriel \u00e9pouse L\u00e9onarde <\/em><strong>COUTISSON<\/strong><em> le 5 juin <\/em><strong>1680<\/strong> <em>\u00e0 Roy\u00e8re.<\/em><\/p>\n<p><em> Ils habitent Arpeix.<\/em><\/p>\n<p><em>Ils y d\u00e9c\u00e8dent\u00a0:<\/em><\/p>\n<ul>\n<li><em>Gabriel, le 10 septembre <\/em><strong>1707<\/strong><em>, \u00e2g\u00e9 de 41 ans<\/em><\/li>\n<li><em>L\u00e9onarde, le 30 novembre <\/em><strong>1735<\/strong><em>, \u00e2g\u00e9e de 72 ans<\/em><\/li>\n<\/ul>\n<p>S17<\/p>\n","protected":false},"excerpt":{"rendered":"<p>Mis \u00e0 jour le : 29\/04\/2026Gabriel MARTIN 1666 \u2013 1707 ma\u00e7on et laboureur n\u00e9 \u00e0 Andaleix (Roy\u00e8re) le 31 mars 1666 fils de Fran\u00e7ois MARTIN \/ Louise LEPETIT laboureurs \u25d9 Gabriel \u00e9pouse L\u00e9onarde COUTISSON le 5 juin 1680 \u00e0 Roy\u00e8re. Ils habitent Arpeix. Ils y d\u00e9c\u00e8dent\u00a0: Gabriel, le 10 septembre 1707, \u00e2g\u00e9 de 41 ans ..<\/p>\n<div class=\"clear-fix\"><\/div>\n<p><a href=\"https:\/\/www.lesmaconsdelacreuse.fr\/annuaires\/lettre-m\/m_187\/\" title=\"Lire la suite...\">Lire la suite<\/a><\/p>\n","protected":false},"author":2,"featured_media":0,"comment_status":"closed","ping_status":"closed","sticky":false,"template":"","format":"standard","meta":{"_acf_changed":false,"_exactmetrics_skip_tracking":false,"_exactmetrics_sitenote_active":false,"_exactmetrics_sitenote_note":"","_exactmetrics_sitenote_category":0,"footnotes":""},"categories":[14],"tags":[],"class_list":["post-37619","post","type-post","status-publish","format-standard","hentry","category-lettre-m"],"acf":[],"_links":{"self":[{"href":"https:\/\/www.lesmaconsdelacreuse.fr\/annuaires\/wp-json\/wp\/v2\/posts\/37619","targetHints":{"allow":["GET"]}}],"collection":[{"href":"https:\/\/www.lesmaconsdelacreuse.fr\/annuaires\/wp-json\/wp\/v2\/posts"}],"about":[{"href":"https:\/\/www.lesmaconsdelacreuse.fr\/annuaires\/wp-json\/wp\/v2\/types\/post"}],"author":[{"embeddable":true,"href":"https:\/\/www.lesmaconsdelacreuse.fr\/annuaires\/wp-json\/wp\/v2\/users\/2"}],"replies":[{"embeddable":true,"href":"https:\/\/www.lesmaconsdelacreuse.fr\/annuaires\/wp-json\/wp\/v2\/comments?post=37619"}],"version-history":[{"count":1,"href":"https:\/\/www.lesmaconsdelacreuse.fr\/annuaires\/wp-json\/wp\/v2\/posts\/37619\/revisions"}],"predecessor-version":[{"id":203505,"href":"https:\/\/www.lesmaconsdelacreuse.fr\/annuaires\/wp-json\/wp\/v2\/posts\/37619\/revisions\/203505"}],"wp:attachment":[{"href":"https:\/\/www.lesmaconsdelacreuse.fr\/annuaires\/wp-json\/wp\/v2\/media?parent=37619"}],"wp:term":[{"taxonomy":"category","embeddable":true,"href":"https:\/\/www.lesmaconsdelacreuse.fr\/annuaires\/wp-json\/wp\/v2\/categories?post=37619"},{"taxonomy":"post_tag","embeddable":true,"href":"https:\/\/www.lesmaconsdelacreuse.fr\/annuaires\/wp-json\/wp\/v2\/tags?post=37619"}],"curies":[{"name":"wp","href":"https:\/\/api.w.org\/{rel}","templated":true}]}}