{"id":37621,"date":"2019-08-04T17:22:34","date_gmt":"2019-08-04T15:22:34","guid":{"rendered":"http:\/\/lesmaconsdelacreuse.fr\/annuaire\/?p=37621"},"modified":"2023-01-02T13:43:29","modified_gmt":"2023-01-02T12:43:29","slug":"m_109","status":"publish","type":"post","link":"https:\/\/www.lesmaconsdelacreuse.fr\/annuaires\/lettre-m\/m_109\/","title":{"rendered":"MARGERIDON L\u00e9onard (d\u00e9c\u00e9d\u00e9 apr\u00e8s 1675)"},"content":{"rendered":"<p class=\"last-updated\"><strong>Mis \u00e0 jour le :<\/strong> 29\/04\/2026<\/p><h2 style=\"text-align: center;\"><strong>L\u00e9onard MARGERIDON<\/strong><\/h2>\n<p style=\"text-align: center;\"><strong>d\u00e9c\u00e9d\u00e9 apr\u00e8s 1675<\/strong><\/p>\n<p style=\"text-align: center;\"><img decoding=\"async\" title=\"\" src=\"https:\/\/lesmaconsdelacreuse.fr\/annuaire\/wp-content\/uploads\/2019\/08\/image1-1248.jpg\" alt=\"\" data-source-id=\"i.0\" data-asset-id=\"37620\" \/><\/p>\n<h4 style=\"text-align: center;\"><span style=\"color: #008000;\"><strong>ma\u00e7on <\/strong>et<strong> cultivateur<\/strong><\/span><\/h4>\n<p style=\"text-align: center;\">n\u00e9 \u00e0 Beauvais (Saint-Pierre-le-Bost)\u00a0?<\/p>\n<p style=\"text-align: center;\">fils de<\/p>\n<p style=\"text-align: center;\">Pierre MARGERIDON \/ Anne VERGNE<\/p>\n<p style=\"text-align: center;\"><span style=\"color: #ffffff;\">\u25d9<\/span><\/p>\n<p><strong>En 1661<\/strong><em>, L\u00e9onard \u00e9pouse Marguerite <\/em><strong>PEYNY<\/strong><em>, veuve de L\u00e9onard MIAN,\u00a0<\/em><em> (contrat Delavergne au Monteil-au-Vicomte). <\/em><\/p>\n<p><strong>\u25ba<a href=\"https:\/\/www.lesmaconsdelacreuse.fr\/annuaires\/\/wp-content\/uploads\/DOCUMENTS\/1675_-_Paiement_pour_reparations_a_leglise_de_Saint-Pierre-le-Bost.pdf\" target=\"_blank\" rel=\"noopener\"><span style=\"color: #ff00ff;\">En 1675<\/span><\/a><\/strong><em>, Barth\u00e9l\u00e9my POURTIER et lui-m\u00eame sont pay\u00e9s 150 livres pour le dernier tiers des r\u00e9parations effectu\u00e9es \u00e0 \u25ba<a href=\"https:\/\/www.lesmaconsdelacreuse.fr\/annuaires\/\/wp-content\/uploads\/PHOTOS_-_CARTES_POSTALES\/SAINT-PIERRE-LE-BOST_BELLEVUE-_Eglise.jpg\" target=\"_blank\" rel=\"noopener\">l<\/a><a href=\"https:\/\/www.lesmaconsdelacreuse.fr\/annuaires\/\/wp-content\/uploads\/PHOTOS_-_CARTES_POSTALES\/SAINT-PIERRE-LE-BOST_BELLEVUE-_Eglise.jpg\" target=\"_blank\" rel=\"noopener\">\u2019<\/a><a href=\"https:\/\/www.lesmaconsdelacreuse.fr\/annuaires\/\/wp-content\/uploads\/PHOTOS_-_CARTES_POSTALES\/SAINT-PIERRE-LE-BOST_BELLEVUE-_Eglise.jpg\" target=\"_blank\" rel=\"noopener\">\u00e9glise de Saint-Pierre<\/a>, somme d\u00e9livr\u00e9e par Messire Denys GEDOIN, chevalier seigneur vicomte du Monteil.<\/em><\/p>\n<p>S17<\/p>\n","protected":false},"excerpt":{"rendered":"<p>Mis \u00e0 jour le : 29\/04\/2026L\u00e9onard MARGERIDON d\u00e9c\u00e9d\u00e9 apr\u00e8s 1675 ma\u00e7on et cultivateur n\u00e9 \u00e0 Beauvais (Saint-Pierre-le-Bost)\u00a0? fils de Pierre MARGERIDON \/ Anne VERGNE \u25d9 En 1661, L\u00e9onard \u00e9pouse Marguerite PEYNY, veuve de L\u00e9onard MIAN,\u00a0 (contrat Delavergne au Monteil-au-Vicomte). \u25baEn 1675, Barth\u00e9l\u00e9my POURTIER et lui-m\u00eame sont pay\u00e9s 150 livres pour le dernier tiers des r\u00e9parations ..<\/p>\n<div class=\"clear-fix\"><\/div>\n<p><a href=\"https:\/\/www.lesmaconsdelacreuse.fr\/annuaires\/lettre-m\/m_109\/\" title=\"Lire la suite...\">Lire la suite<\/a><\/p>\n","protected":false},"author":2,"featured_media":0,"comment_status":"closed","ping_status":"closed","sticky":false,"template":"","format":"standard","meta":{"_acf_changed":false,"_exactmetrics_skip_tracking":false,"_exactmetrics_sitenote_active":false,"_exactmetrics_sitenote_note":"","_exactmetrics_sitenote_category":0,"footnotes":""},"categories":[14],"tags":[],"class_list":["post-37621","post","type-post","status-publish","format-standard","hentry","category-lettre-m"],"acf":[],"_links":{"self":[{"href":"https:\/\/www.lesmaconsdelacreuse.fr\/annuaires\/wp-json\/wp\/v2\/posts\/37621","targetHints":{"allow":["GET"]}}],"collection":[{"href":"https:\/\/www.lesmaconsdelacreuse.fr\/annuaires\/wp-json\/wp\/v2\/posts"}],"about":[{"href":"https:\/\/www.lesmaconsdelacreuse.fr\/annuaires\/wp-json\/wp\/v2\/types\/post"}],"author":[{"embeddable":true,"href":"https:\/\/www.lesmaconsdelacreuse.fr\/annuaires\/wp-json\/wp\/v2\/users\/2"}],"replies":[{"embeddable":true,"href":"https:\/\/www.lesmaconsdelacreuse.fr\/annuaires\/wp-json\/wp\/v2\/comments?post=37621"}],"version-history":[{"count":1,"href":"https:\/\/www.lesmaconsdelacreuse.fr\/annuaires\/wp-json\/wp\/v2\/posts\/37621\/revisions"}],"predecessor-version":[{"id":203429,"href":"https:\/\/www.lesmaconsdelacreuse.fr\/annuaires\/wp-json\/wp\/v2\/posts\/37621\/revisions\/203429"}],"wp:attachment":[{"href":"https:\/\/www.lesmaconsdelacreuse.fr\/annuaires\/wp-json\/wp\/v2\/media?parent=37621"}],"wp:term":[{"taxonomy":"category","embeddable":true,"href":"https:\/\/www.lesmaconsdelacreuse.fr\/annuaires\/wp-json\/wp\/v2\/categories?post=37621"},{"taxonomy":"post_tag","embeddable":true,"href":"https:\/\/www.lesmaconsdelacreuse.fr\/annuaires\/wp-json\/wp\/v2\/tags?post=37621"}],"curies":[{"name":"wp","href":"https:\/\/api.w.org\/{rel}","templated":true}]}}