{"id":37629,"date":"2019-08-04T17:22:35","date_gmt":"2019-08-04T15:22:35","guid":{"rendered":"http:\/\/lesmaconsdelacreuse.fr\/annuaire\/?p=37629"},"modified":"2020-01-20T11:07:52","modified_gmt":"2020-01-20T10:07:52","slug":"m_114","status":"publish","type":"post","link":"https:\/\/www.lesmaconsdelacreuse.fr\/annuaires\/lettre-m\/m_114\/","title":{"rendered":"MARG\u00c9RIDON Pierre (vers 1700-entre 1740 et 1749)"},"content":{"rendered":"<p class=\"last-updated\"><strong>Mis \u00e0 jour le :<\/strong> 29\/04\/2026<\/p><h2 style=\"text-align: center;\"><strong>Pierre MARG\u00c9RIDON<\/strong><\/h2>\n<p style=\"text-align: center;\"><strong>vers 1700 &#8211; entre 1740 et 1749<\/strong><\/p>\n<p style=\"text-align: center;\"><img decoding=\"async\" title=\"\" src=\"https:\/\/lesmaconsdelacreuse.fr\/annuaire\/wp-content\/uploads\/2019\/08\/image1-1250.jpg\" alt=\"\" data-source-id=\"i.0\" data-asset-id=\"37628\" \/><\/p>\n<h4 style=\"text-align: center;\"><span style=\"color: #008000;\"><strong>ma\u00e7on <\/strong>et<strong> laboureur<\/strong><\/span><\/h4>\n<p style=\"text-align: center;\">n\u00e9 \u00e0 Beauvais (Saint-Pierre-le-Bost)\u00a0?<\/p>\n<p style=\"text-align: center;\">vers 1700<\/p>\n<p style=\"text-align: center;\">fils de<\/p>\n<p style=\"text-align: center;\">Michel MARG\u00c9RIDON \/ Fran\u00e7oise DUTHEIL<\/p>\n<p style=\"text-align: center;\">laboureurs<\/p>\n<p style=\"text-align: center;\"><span style=\"color: #ffffff;\">\u25d9<\/span><\/p>\n<p><em>Pierre \u00e9pouse Jeanne <\/em><strong>LANGLADE<\/strong><em> le 25 f\u00e9vrier <\/em><strong>1727<\/strong><em> \u00e0 Saint-Pierre (contrat Delavergne au Monteil-au-Vicomte). Ils habitent Beauvais.<\/em><\/p>\n<p><em>Jeanne y d\u00e9c\u00e8de le 26 mars <\/em><strong>1737<\/strong><em>, \u00e2g\u00e9e de 33 ans environ.<\/em><\/p>\n<p><em>Pierre se remarie avec Marie <\/em><strong>LEGROS<\/strong><em>, veuve de Vincent BOULASSOU, ma\u00e7on, le 29 f\u00e9vrier <\/em><strong>1740<\/strong><em> \u00e0 Roy\u00e8re (l\u2019acte nomme l\u2019\u00e9pouse Marie CARAUD &#8211; contrat Champeaux \u00e0 Soubrebost).<\/em><\/p>\n<p><em>Ils habitent \u00e9galement Beauvais.<\/em><\/p>\n<p><em>Marie, veuve, se remarie <\/em><strong>en 1751<\/strong> <em>avec Pierre FAYE, et d\u00e9c\u00e8de \u00e0 Planchat, commune de Saint-Pierre, le 12 mars <\/em>1770<em>, \u00e2g\u00e9e de 66 ans.<\/em><\/p>\n","protected":false},"excerpt":{"rendered":"<p>Mis \u00e0 jour le : 29\/04\/2026Pierre MARG\u00c9RIDON vers 1700 &#8211; entre 1740 et 1749 ma\u00e7on et laboureur n\u00e9 \u00e0 Beauvais (Saint-Pierre-le-Bost)\u00a0? vers 1700 fils de Michel MARG\u00c9RIDON \/ Fran\u00e7oise DUTHEIL laboureurs \u25d9 Pierre \u00e9pouse Jeanne LANGLADE le 25 f\u00e9vrier 1727 \u00e0 Saint-Pierre (contrat Delavergne au Monteil-au-Vicomte). Ils habitent Beauvais. Jeanne y d\u00e9c\u00e8de le 26 mars ..<\/p>\n<div class=\"clear-fix\"><\/div>\n<p><a href=\"https:\/\/www.lesmaconsdelacreuse.fr\/annuaires\/lettre-m\/m_114\/\" title=\"Lire la suite...\">Lire la suite<\/a><\/p>\n","protected":false},"author":2,"featured_media":0,"comment_status":"closed","ping_status":"closed","sticky":false,"template":"","format":"standard","meta":{"_acf_changed":false,"_exactmetrics_skip_tracking":false,"_exactmetrics_sitenote_active":false,"_exactmetrics_sitenote_note":"","_exactmetrics_sitenote_category":0,"footnotes":""},"categories":[14],"tags":[],"class_list":["post-37629","post","type-post","status-publish","format-standard","hentry","category-lettre-m"],"acf":[],"_links":{"self":[{"href":"https:\/\/www.lesmaconsdelacreuse.fr\/annuaires\/wp-json\/wp\/v2\/posts\/37629","targetHints":{"allow":["GET"]}}],"collection":[{"href":"https:\/\/www.lesmaconsdelacreuse.fr\/annuaires\/wp-json\/wp\/v2\/posts"}],"about":[{"href":"https:\/\/www.lesmaconsdelacreuse.fr\/annuaires\/wp-json\/wp\/v2\/types\/post"}],"author":[{"embeddable":true,"href":"https:\/\/www.lesmaconsdelacreuse.fr\/annuaires\/wp-json\/wp\/v2\/users\/2"}],"replies":[{"embeddable":true,"href":"https:\/\/www.lesmaconsdelacreuse.fr\/annuaires\/wp-json\/wp\/v2\/comments?post=37629"}],"version-history":[{"count":0,"href":"https:\/\/www.lesmaconsdelacreuse.fr\/annuaires\/wp-json\/wp\/v2\/posts\/37629\/revisions"}],"wp:attachment":[{"href":"https:\/\/www.lesmaconsdelacreuse.fr\/annuaires\/wp-json\/wp\/v2\/media?parent=37629"}],"wp:term":[{"taxonomy":"category","embeddable":true,"href":"https:\/\/www.lesmaconsdelacreuse.fr\/annuaires\/wp-json\/wp\/v2\/categories?post=37629"},{"taxonomy":"post_tag","embeddable":true,"href":"https:\/\/www.lesmaconsdelacreuse.fr\/annuaires\/wp-json\/wp\/v2\/tags?post=37629"}],"curies":[{"name":"wp","href":"https:\/\/api.w.org\/{rel}","templated":true}]}}