{"id":37635,"date":"2019-08-04T17:22:35","date_gmt":"2019-08-04T15:22:35","guid":{"rendered":"http:\/\/lesmaconsdelacreuse.fr\/annuaire\/?p=37635"},"modified":"2023-01-03T13:23:30","modified_gmt":"2023-01-03T12:23:30","slug":"m_99","status":"publish","type":"post","link":"https:\/\/www.lesmaconsdelacreuse.fr\/annuaires\/lettre-m\/m_99\/","title":{"rendered":"MARGERIDON Gabriel (d\u00e9c\u00e9d\u00e9 apr\u00e8s 1667)"},"content":{"rendered":"<p class=\"last-updated\"><strong>Mis \u00e0 jour le :<\/strong> 29\/04\/2026<\/p><h2 style=\"text-align: center;\"><strong>Gabriel MARGERIDON<\/strong><\/h2>\n<p style=\"text-align: center;\"><strong>d\u00e9c\u00e9d\u00e9 apr\u00e8s 1667<\/strong><\/p>\n<p style=\"text-align: center;\"><img decoding=\"async\" title=\"\" src=\"https:\/\/lesmaconsdelacreuse.fr\/annuaire\/wp-content\/uploads\/2019\/08\/image1-1252.jpg\" alt=\"\" data-source-id=\"i.0\" data-asset-id=\"37634\" \/><\/p>\n<h4 style=\"text-align: center;\"><span style=\"color: #008000;\"><strong>\u25ba\u00a0<a href=\"https:\/\/www.lesmaconsdelacreuse.fr\/annuaires\/wp-content\/uploads\/2020\/07\/MA\u00ceTRE-MA\u00c7ON.png\" target=\"_blank\" rel=\"noopener noreferrer\"><span style=\"color: #008000;\">ma\u00eetre ma\u00e7on<\/span><\/a> <\/strong>et<strong> cultivateur<\/strong><\/span><\/h4>\n<p>&nbsp;<\/p>\n<p style=\"text-align: center;\">n\u00e9 \u00e0 Beauvais (Saint-Pierre-le-Bost)\u00a0?<\/p>\n<p style=\"text-align: center;\"><span style=\"color: #ffffff;\">\u25d9<\/span><\/p>\n<p><em>Gabriel, fr\u00e8re de Pierre, \u00e9pouse L\u00e9onarde <\/em><strong>TOURTOULLOUX<\/strong><em> (contrat Dandaleix \u00e0 Roy\u00e8re). Ils habitent Beauvais, paroisse de Saint-Pierre-le-Bost. <\/em><\/p>\n<p>En 1667<em>, Gabriel est veuf et d\u00e9sire se remarier.<\/em><\/p>\n<p><em>Il semble que ce soit lui qui \u25ba<\/em><strong><span style=\"color: #ff00ff;\">en <a style=\"color: #ff00ff;\" href=\"https:\/\/www.lesmaconsdelacreuse.fr\/annuaires\/\/wp-content\/uploads\/DOCUMENTS\/1722_-_Prix_fait_pour_refaire_un_pignon_de_grange.pdf\" target=\"_blank\" rel=\"noopener noreferrer\">1722<\/a><\/span><a href=\"https:\/\/www.lesmaconsdelacreuse.fr\/annuaires\/\/wp-content\/uploads\/DOCUMENTS\/1722_-_Prix_fait_pour_refaire_un_pignon_de_grange.pdf\" target=\"_blank\" rel=\"noopener noreferrer\">,<\/a><\/strong><em> s\u2019engage \u00e0 refaire un pignon de grange pour Jean GUILLON, laboureur de Beauvais, moyennant la somme de 40 livres.<\/em><\/p>\n<p>S17<\/p>\n","protected":false},"excerpt":{"rendered":"<p>Mis \u00e0 jour le : 29\/04\/2026Gabriel MARGERIDON d\u00e9c\u00e9d\u00e9 apr\u00e8s 1667 \u25ba\u00a0ma\u00eetre ma\u00e7on et cultivateur &nbsp; n\u00e9 \u00e0 Beauvais (Saint-Pierre-le-Bost)\u00a0? \u25d9 Gabriel, fr\u00e8re de Pierre, \u00e9pouse L\u00e9onarde TOURTOULLOUX (contrat Dandaleix \u00e0 Roy\u00e8re). Ils habitent Beauvais, paroisse de Saint-Pierre-le-Bost. En 1667, Gabriel est veuf et d\u00e9sire se remarier. Il semble que ce soit lui qui \u25baen 1722, ..<\/p>\n<div class=\"clear-fix\"><\/div>\n<p><a href=\"https:\/\/www.lesmaconsdelacreuse.fr\/annuaires\/lettre-m\/m_99\/\" title=\"Lire la suite...\">Lire la suite<\/a><\/p>\n","protected":false},"author":2,"featured_media":0,"comment_status":"closed","ping_status":"closed","sticky":false,"template":"","format":"standard","meta":{"_acf_changed":false,"_exactmetrics_skip_tracking":false,"_exactmetrics_sitenote_active":false,"_exactmetrics_sitenote_note":"","_exactmetrics_sitenote_category":0,"footnotes":""},"categories":[14],"tags":[],"class_list":["post-37635","post","type-post","status-publish","format-standard","hentry","category-lettre-m"],"acf":[],"_links":{"self":[{"href":"https:\/\/www.lesmaconsdelacreuse.fr\/annuaires\/wp-json\/wp\/v2\/posts\/37635","targetHints":{"allow":["GET"]}}],"collection":[{"href":"https:\/\/www.lesmaconsdelacreuse.fr\/annuaires\/wp-json\/wp\/v2\/posts"}],"about":[{"href":"https:\/\/www.lesmaconsdelacreuse.fr\/annuaires\/wp-json\/wp\/v2\/types\/post"}],"author":[{"embeddable":true,"href":"https:\/\/www.lesmaconsdelacreuse.fr\/annuaires\/wp-json\/wp\/v2\/users\/2"}],"replies":[{"embeddable":true,"href":"https:\/\/www.lesmaconsdelacreuse.fr\/annuaires\/wp-json\/wp\/v2\/comments?post=37635"}],"version-history":[{"count":1,"href":"https:\/\/www.lesmaconsdelacreuse.fr\/annuaires\/wp-json\/wp\/v2\/posts\/37635\/revisions"}],"predecessor-version":[{"id":203517,"href":"https:\/\/www.lesmaconsdelacreuse.fr\/annuaires\/wp-json\/wp\/v2\/posts\/37635\/revisions\/203517"}],"wp:attachment":[{"href":"https:\/\/www.lesmaconsdelacreuse.fr\/annuaires\/wp-json\/wp\/v2\/media?parent=37635"}],"wp:term":[{"taxonomy":"category","embeddable":true,"href":"https:\/\/www.lesmaconsdelacreuse.fr\/annuaires\/wp-json\/wp\/v2\/categories?post=37635"},{"taxonomy":"post_tag","embeddable":true,"href":"https:\/\/www.lesmaconsdelacreuse.fr\/annuaires\/wp-json\/wp\/v2\/tags?post=37635"}],"curies":[{"name":"wp","href":"https:\/\/api.w.org\/{rel}","templated":true}]}}