{"id":37639,"date":"2019-08-04T17:22:35","date_gmt":"2019-08-04T15:22:35","guid":{"rendered":"http:\/\/lesmaconsdelacreuse.fr\/annuaire\/?p=37639"},"modified":"2022-05-21T09:56:31","modified_gmt":"2022-05-21T07:56:31","slug":"m_92","status":"publish","type":"post","link":"https:\/\/www.lesmaconsdelacreuse.fr\/annuaires\/lettre-m\/m_92\/","title":{"rendered":"MARCILLAT Jean (1831\u2013apr\u00e8s 1877)"},"content":{"rendered":"<p class=\"last-updated\"><strong>Mis \u00e0 jour le :<\/strong> 29\/04\/2026<\/p><h2 style=\"text-align: center;\"><strong>Jean MARCILLAT<\/strong><\/h2>\n<p style=\"text-align: center;\"><strong>1831 \u2013 apr\u00e8s 1877<\/strong><\/p>\n<p style=\"text-align: center;\"><img decoding=\"async\" title=\"\" src=\"https:\/\/lesmaconsdelacreuse.fr\/annuaire\/wp-content\/uploads\/2019\/08\/image1-1254.jpg\" alt=\"\" data-source-id=\"i.0\" data-asset-id=\"37638\" \/><\/p>\n<h4 style=\"text-align: center;\"><span style=\"color: #008000;\"><strong>ma\u00e7on<\/strong><\/span><\/h4>\n<p style=\"text-align: center;\">n\u00e9 \u00e0 La Faye (Saint-Pardoux-Lavaud)<\/p>\n<p style=\"text-align: center;\">le 24 janvier 1831<\/p>\n<p style=\"text-align: center;\">fils de<\/p>\n<p style=\"text-align: center;\">Jacques MARCILLAT \/ L\u00e9onarde LEROUSSEAU<\/p>\n<p style=\"text-align: center;\">cultivateurs<\/p>\n<p style=\"text-align: center;\"><span style=\"color: #ffffff;\">\u25d9<\/span><\/p>\n<p><strong>En 1862<\/strong><em>, Jean travaille \u00e0 <\/em><span style=\"color: #0000ff;\"><strong>Saint-Genis-Laval (69)<\/strong><\/span><em>.<\/em><\/p>\n<p><em> Il y \u00e9pouse \u00c9tiennette <\/em><strong>VIGNAT<\/strong><em>, ouvri\u00e8re en soie, le 30 ao\u00fbt de la m\u00eame ann\u00e9e (contrat Rousset).<\/em><\/p>\n<p><em>\u00c9tiennette y d\u00e9c\u00e8de le 19 janvier <\/em><strong>1877<\/strong><em>, \u00e2g\u00e9e de 43 ans.<\/em><\/p>\n","protected":false},"excerpt":{"rendered":"<p>Mis \u00e0 jour le : 29\/04\/2026Jean MARCILLAT 1831 \u2013 apr\u00e8s 1877 ma\u00e7on n\u00e9 \u00e0 La Faye (Saint-Pardoux-Lavaud) le 24 janvier 1831 fils de Jacques MARCILLAT \/ L\u00e9onarde LEROUSSEAU cultivateurs \u25d9 En 1862, Jean travaille \u00e0 Saint-Genis-Laval (69). Il y \u00e9pouse \u00c9tiennette VIGNAT, ouvri\u00e8re en soie, le 30 ao\u00fbt de la m\u00eame ann\u00e9e (contrat Rousset). \u00c9tiennette ..<\/p>\n<div class=\"clear-fix\"><\/div>\n<p><a href=\"https:\/\/www.lesmaconsdelacreuse.fr\/annuaires\/lettre-m\/m_92\/\" title=\"Lire la suite...\">Lire la suite<\/a><\/p>\n","protected":false},"author":2,"featured_media":0,"comment_status":"closed","ping_status":"closed","sticky":false,"template":"","format":"standard","meta":{"_acf_changed":false,"_exactmetrics_skip_tracking":false,"_exactmetrics_sitenote_active":false,"_exactmetrics_sitenote_note":"","_exactmetrics_sitenote_category":0,"footnotes":""},"categories":[14],"tags":[],"class_list":["post-37639","post","type-post","status-publish","format-standard","hentry","category-lettre-m"],"acf":[],"_links":{"self":[{"href":"https:\/\/www.lesmaconsdelacreuse.fr\/annuaires\/wp-json\/wp\/v2\/posts\/37639","targetHints":{"allow":["GET"]}}],"collection":[{"href":"https:\/\/www.lesmaconsdelacreuse.fr\/annuaires\/wp-json\/wp\/v2\/posts"}],"about":[{"href":"https:\/\/www.lesmaconsdelacreuse.fr\/annuaires\/wp-json\/wp\/v2\/types\/post"}],"author":[{"embeddable":true,"href":"https:\/\/www.lesmaconsdelacreuse.fr\/annuaires\/wp-json\/wp\/v2\/users\/2"}],"replies":[{"embeddable":true,"href":"https:\/\/www.lesmaconsdelacreuse.fr\/annuaires\/wp-json\/wp\/v2\/comments?post=37639"}],"version-history":[{"count":2,"href":"https:\/\/www.lesmaconsdelacreuse.fr\/annuaires\/wp-json\/wp\/v2\/posts\/37639\/revisions"}],"predecessor-version":[{"id":199332,"href":"https:\/\/www.lesmaconsdelacreuse.fr\/annuaires\/wp-json\/wp\/v2\/posts\/37639\/revisions\/199332"}],"wp:attachment":[{"href":"https:\/\/www.lesmaconsdelacreuse.fr\/annuaires\/wp-json\/wp\/v2\/media?parent=37639"}],"wp:term":[{"taxonomy":"category","embeddable":true,"href":"https:\/\/www.lesmaconsdelacreuse.fr\/annuaires\/wp-json\/wp\/v2\/categories?post=37639"},{"taxonomy":"post_tag","embeddable":true,"href":"https:\/\/www.lesmaconsdelacreuse.fr\/annuaires\/wp-json\/wp\/v2\/tags?post=37639"}],"curies":[{"name":"wp","href":"https:\/\/api.w.org\/{rel}","templated":true}]}}