{"id":37641,"date":"2019-08-04T17:22:36","date_gmt":"2019-08-04T15:22:36","guid":{"rendered":"http:\/\/lesmaconsdelacreuse.fr\/annuaire\/?p=37641"},"modified":"2020-01-20T11:07:51","modified_gmt":"2020-01-20T10:07:51","slug":"m_98","status":"publish","type":"post","link":"https:\/\/www.lesmaconsdelacreuse.fr\/annuaires\/lettre-m\/m_98\/","title":{"rendered":"MARG\u00c9RIDON Fran\u00e7ois (d\u00e9c\u00e9d\u00e9 apr\u00e8s 1738)"},"content":{"rendered":"<p class=\"last-updated\"><strong>Mis \u00e0 jour le :<\/strong> 29\/04\/2026<\/p><h2 style=\"text-align: center;\"><strong>Fran\u00e7ois MARG\u00c9RIDON<\/strong><\/h2>\n<p style=\"text-align: center;\"><strong>d\u00e9c\u00e9d\u00e9 apr\u00e8s 1738<\/strong><\/p>\n<p style=\"text-align: center;\"><img decoding=\"async\" title=\"\" src=\"https:\/\/lesmaconsdelacreuse.fr\/annuaire\/wp-content\/uploads\/2019\/08\/image1-1255.jpg\" alt=\"\" data-asset-id=\"37640\" data-source-id=\"i.0\" \/><\/p>\n<h4 style=\"text-align: center;\"><span style=\"color: #008000;\">probablement<strong> ma\u00e7on; <\/strong><strong>laboureur<\/strong><\/span><\/h4>\n<p style=\"text-align: center;\">de Beauvais (Saint-Pierre-le-Bost)<\/p>\n<p style=\"text-align: center;\"><span style=\"color: #ffffff;\">\u25d9<\/span><\/p>\n<p><em>Fran\u00e7ois \u00e9pouse Fran\u00e7oise <\/em><strong>JOUANNY<\/strong><em>.<\/em><\/p>\n<p><em> Ils habitent Beauvais.<\/em><\/p>\n<p><em>\u25ba<\/em><a target=\"_blank\"href=\"https:\/\/www.lesmaconsdelacreuse.fr\/annuaires\/\/wp-content\/uploads\/DOCUMENTS\/1737_-_Francois_MARGERIDON_absent_depuis_30_ans.pdf\"><strong><span style=\"color: #ff00ff;\"><span style=\"color: #993366;\">En<\/span><\/span><\/strong><\/a><span style=\"color: #993366;\"><strong> <a target=\"_blank\"style=\"color: #993366;\" href=\"https:\/\/www.lesmaconsdelacreuse.fr\/annuaires\/\/wp-content\/uploads\/DOCUMENTS\/1737_-_Francois_MARGERIDON_absent_depuis_30_ans.pdf\">1737<\/a><\/strong><\/span><em>, il est <\/em><span style=\"color: #993366;\"><strong>absent de la province depuis trente ans<\/strong><\/span><em> et sa femme est mendiante. <\/em><\/p>\n<p><em>Elle meurt le 10 ao\u00fbt <\/em><strong>1738<\/strong> <em>\u00e0 Beauvais, \u00e2g\u00e9e de 70 ans environ. <\/em><\/p>\n","protected":false},"excerpt":{"rendered":"<p>Mis \u00e0 jour le : 29\/04\/2026Fran\u00e7ois MARG\u00c9RIDON d\u00e9c\u00e9d\u00e9 apr\u00e8s 1738 probablement ma\u00e7on; laboureur de Beauvais (Saint-Pierre-le-Bost) \u25d9 Fran\u00e7ois \u00e9pouse Fran\u00e7oise JOUANNY. Ils habitent Beauvais. \u25baEn 1737, il est absent de la province depuis trente ans et sa femme est mendiante. Elle meurt le 10 ao\u00fbt 1738 \u00e0 Beauvais, \u00e2g\u00e9e de 70 an..<\/p>\n<div class=\"clear-fix\"><\/div>\n<p><a href=\"https:\/\/www.lesmaconsdelacreuse.fr\/annuaires\/lettre-m\/m_98\/\" title=\"Lire la suite...\">Lire la suite<\/a><\/p>\n","protected":false},"author":2,"featured_media":0,"comment_status":"closed","ping_status":"closed","sticky":false,"template":"","format":"standard","meta":{"_acf_changed":false,"_exactmetrics_skip_tracking":false,"_exactmetrics_sitenote_active":false,"_exactmetrics_sitenote_note":"","_exactmetrics_sitenote_category":0,"footnotes":""},"categories":[14],"tags":[],"class_list":["post-37641","post","type-post","status-publish","format-standard","hentry","category-lettre-m"],"acf":[],"_links":{"self":[{"href":"https:\/\/www.lesmaconsdelacreuse.fr\/annuaires\/wp-json\/wp\/v2\/posts\/37641","targetHints":{"allow":["GET"]}}],"collection":[{"href":"https:\/\/www.lesmaconsdelacreuse.fr\/annuaires\/wp-json\/wp\/v2\/posts"}],"about":[{"href":"https:\/\/www.lesmaconsdelacreuse.fr\/annuaires\/wp-json\/wp\/v2\/types\/post"}],"author":[{"embeddable":true,"href":"https:\/\/www.lesmaconsdelacreuse.fr\/annuaires\/wp-json\/wp\/v2\/users\/2"}],"replies":[{"embeddable":true,"href":"https:\/\/www.lesmaconsdelacreuse.fr\/annuaires\/wp-json\/wp\/v2\/comments?post=37641"}],"version-history":[{"count":0,"href":"https:\/\/www.lesmaconsdelacreuse.fr\/annuaires\/wp-json\/wp\/v2\/posts\/37641\/revisions"}],"wp:attachment":[{"href":"https:\/\/www.lesmaconsdelacreuse.fr\/annuaires\/wp-json\/wp\/v2\/media?parent=37641"}],"wp:term":[{"taxonomy":"category","embeddable":true,"href":"https:\/\/www.lesmaconsdelacreuse.fr\/annuaires\/wp-json\/wp\/v2\/categories?post=37641"},{"taxonomy":"post_tag","embeddable":true,"href":"https:\/\/www.lesmaconsdelacreuse.fr\/annuaires\/wp-json\/wp\/v2\/tags?post=37641"}],"curies":[{"name":"wp","href":"https:\/\/api.w.org\/{rel}","templated":true}]}}