{"id":37643,"date":"2019-08-04T17:22:36","date_gmt":"2019-08-04T15:22:36","guid":{"rendered":"http:\/\/lesmaconsdelacreuse.fr\/annuaire\/?p=37643"},"modified":"2020-02-11T12:18:07","modified_gmt":"2020-02-11T11:18:07","slug":"m_108","status":"publish","type":"post","link":"https:\/\/www.lesmaconsdelacreuse.fr\/annuaires\/lettre-m\/m_108\/","title":{"rendered":"MARG\u00c9RIDON Joseph (1815-1862)"},"content":{"rendered":"<p class=\"last-updated\"><strong>Mis \u00e0 jour le :<\/strong> 29\/04\/2026<\/p><h2 style=\"text-align: center;\"><strong>Joseph MARG\u00c9RIDON<\/strong><\/h2>\n<p style=\"text-align: center;\"><strong>1815 &#8211; 1862<\/strong><\/p>\n<p style=\"text-align: center;\"><img decoding=\"async\" title=\"\" src=\"https:\/\/lesmaconsdelacreuse.fr\/annuaire\/wp-content\/uploads\/2019\/08\/image1-1256.jpg\" alt=\"\" data-asset-id=\"37642\" data-source-id=\"i.0\" \/><\/p>\n<h4 style=\"text-align: center;\"><span style=\"color: #008000;\"><strong>ma\u00e7on<\/strong><\/span><\/h4>\n<p style=\"text-align: center;\">n\u00e9 \u00e0 La Villatte (Saint-Pierre-le-Bost)<\/p>\n<p style=\"text-align: center;\">le 23 d\u00e9cembre 1815<\/p>\n<p style=\"text-align: center;\">fils de<\/p>\n<p style=\"text-align: center;\">Gabriel MARG\u00c9RIDON,<span style=\"color: #008000;\"><strong> ma\u00e7on<\/strong><\/span><\/p>\n<p style=\"text-align: center;\">Louise LEMASSON, cultivatrice<\/p>\n<p style=\"text-align: center;\"><span style=\"color: #ffffff;\">\u25d9<\/span><\/p>\n<p><strong>En 1835<\/strong><em>, Joseph travaille \u00e0 <\/em><span style=\"color: #0000ff;\"><strong>Lyon (69)<\/strong><\/span><em>.<\/em><\/p>\n<p><em> Il \u00e9pouse Marie Val\u00e9rie <\/em><strong>PAUTY<\/strong><em> le 26 f\u00e9vrier <\/em><strong>1843<\/strong><em> au Monteil-au-Vicomte. Ils habitent d\u2019abord La Vergne, commune du Monteil. <\/em><\/p>\n<p><em>Marie d\u00e9c\u00e8de le 15 mai <\/em><strong>1852<\/strong> <em>\u00e0 Pontarion, \u00e2g\u00e9e de 35 ans.<\/em><\/p>\n<p><em> Joseph se remarie <\/em><strong>entre 1852 et 1856<\/strong><em> avec Claudine <\/em><strong>LAFOND<\/strong><em>, native de Neulise (42) .<\/em><\/p>\n<p><strong>En 1856<\/strong><em>, le couple est \u00e0 Lyon, 53, rue Duplessis, 3e arrondissement\u00a0;<\/em><\/p>\n<p><strong>en 1858 et 1859<\/strong><em>, \u00e0 <\/em><span style=\"color: #0000ff;\"><strong>Villeurbanne (69)<\/strong><\/span><em>, 47, grande rue des Charpennes. <\/em><\/p>\n<p><em>Joseph d\u00e9c\u00e8de de phtisie pulmonaire \u00e0 \u25ba<a target=\"_blank\"href=\"https:\/\/www.lesmaconsdelacreuse.fr\/annuaires\/\/wp-content\/uploads\/PHOTOS_-_CARTES_POSTALES\/LYON_-_Hopital_de_lHotel-Dieu.jpg\">l\u2019H\u00f4tel-Dieu<\/a> de Lyon<\/em> <em>le 21 juillet <\/em><strong>1862<\/strong><em>, \u00e2g\u00e9 de 46 ans, habitant toujours Villeurbanne.<\/em><\/p>\n<p><em>C\u2019est l\u00e0 que nait plusieurs mois apr\u00e8s Louise \u00c9lisabeth, enfant posthume, \u00e0 leur domicile, 40, grande rue des Charpennes. <\/em><\/p>\n<p><em>La veuve se remarie avec Sylvain VEILLAT et d\u00e9c\u00e8de le 26 d\u00e9cembre 1883 \u00e0 Lyon 3e, \u00e2g\u00e9e de 57 ans.<\/em><\/p>\n","protected":false},"excerpt":{"rendered":"<p>Mis \u00e0 jour le : 29\/04\/2026Joseph MARG\u00c9RIDON 1815 &#8211; 1862 ma\u00e7on n\u00e9 \u00e0 La Villatte (Saint-Pierre-le-Bost) le 23 d\u00e9cembre 1815 fils de Gabriel MARG\u00c9RIDON, ma\u00e7on Louise LEMASSON, cultivatrice \u25d9 En 1835, Joseph travaille \u00e0 Lyon (69). Il \u00e9pouse Marie Val\u00e9rie PAUTY le 26 f\u00e9vrier 1843 au Monteil-au-Vicomte. Ils habitent d\u2019abord La Vergne, commune du Monteil. ..<\/p>\n<div class=\"clear-fix\"><\/div>\n<p><a href=\"https:\/\/www.lesmaconsdelacreuse.fr\/annuaires\/lettre-m\/m_108\/\" title=\"Lire la suite...\">Lire la suite<\/a><\/p>\n","protected":false},"author":2,"featured_media":0,"comment_status":"closed","ping_status":"closed","sticky":false,"template":"","format":"standard","meta":{"_acf_changed":false,"_exactmetrics_skip_tracking":false,"_exactmetrics_sitenote_active":false,"_exactmetrics_sitenote_note":"","_exactmetrics_sitenote_category":0,"footnotes":""},"categories":[14],"tags":[],"class_list":["post-37643","post","type-post","status-publish","format-standard","hentry","category-lettre-m"],"acf":[],"_links":{"self":[{"href":"https:\/\/www.lesmaconsdelacreuse.fr\/annuaires\/wp-json\/wp\/v2\/posts\/37643","targetHints":{"allow":["GET"]}}],"collection":[{"href":"https:\/\/www.lesmaconsdelacreuse.fr\/annuaires\/wp-json\/wp\/v2\/posts"}],"about":[{"href":"https:\/\/www.lesmaconsdelacreuse.fr\/annuaires\/wp-json\/wp\/v2\/types\/post"}],"author":[{"embeddable":true,"href":"https:\/\/www.lesmaconsdelacreuse.fr\/annuaires\/wp-json\/wp\/v2\/users\/2"}],"replies":[{"embeddable":true,"href":"https:\/\/www.lesmaconsdelacreuse.fr\/annuaires\/wp-json\/wp\/v2\/comments?post=37643"}],"version-history":[{"count":0,"href":"https:\/\/www.lesmaconsdelacreuse.fr\/annuaires\/wp-json\/wp\/v2\/posts\/37643\/revisions"}],"wp:attachment":[{"href":"https:\/\/www.lesmaconsdelacreuse.fr\/annuaires\/wp-json\/wp\/v2\/media?parent=37643"}],"wp:term":[{"taxonomy":"category","embeddable":true,"href":"https:\/\/www.lesmaconsdelacreuse.fr\/annuaires\/wp-json\/wp\/v2\/categories?post=37643"},{"taxonomy":"post_tag","embeddable":true,"href":"https:\/\/www.lesmaconsdelacreuse.fr\/annuaires\/wp-json\/wp\/v2\/tags?post=37643"}],"curies":[{"name":"wp","href":"https:\/\/api.w.org\/{rel}","templated":true}]}}