{"id":37647,"date":"2019-08-04T17:22:36","date_gmt":"2019-08-04T15:22:36","guid":{"rendered":"http:\/\/lesmaconsdelacreuse.fr\/annuaire\/?p=37647"},"modified":"2023-01-05T16:25:47","modified_gmt":"2023-01-05T15:25:47","slug":"m_112","status":"publish","type":"post","link":"https:\/\/www.lesmaconsdelacreuse.fr\/annuaires\/lettre-m\/m_112\/","title":{"rendered":"MARG\u00c9RIDON Philippe (1697\u20131760)"},"content":{"rendered":"<p class=\"last-updated\"><strong>Mis \u00e0 jour le :<\/strong> 29\/04\/2026<\/p><h2 style=\"text-align: center;\"><strong>Philippe MARG\u00c9RIDON<\/strong><\/h2>\n<p style=\"text-align: center;\"><strong>1697 \u2013 1760<\/strong><\/p>\n<p style=\"text-align: center;\"><img decoding=\"async\" title=\"\" src=\"https:\/\/lesmaconsdelacreuse.fr\/annuaire\/wp-content\/uploads\/2019\/08\/image1-1258.jpg\" alt=\"\" data-asset-id=\"37646\" data-source-id=\"i.0\" \/><\/p>\n<h4 style=\"text-align: center;\"><span style=\"color: #008000;\"><strong>ma\u00e7on<\/strong><\/span> <span style=\"color: #008000;\">et <strong>\u25ba<\/strong><strong> <a href=\"https:\/\/www.lesmaconsdelacreuse.fr\/annuaires\/wp-content\/uploads\/2020\/08\/CHARPENTIER.png\" target=\"_blank\" rel=\"noopener noreferrer\"><span style=\"color: #008000;\">charpentier<\/span><\/a><\/strong><\/span>;\u00a0<span style=\"color: #008000;\"><strong>meunier <\/strong><\/span>et<strong><span style=\"color: #008000;\"> laboureur<\/span> <\/strong><\/h4>\n<p>&nbsp;<\/p>\n<p style=\"text-align: center;\">n\u00e9 \u00e0 Courson (Vidaillat)<\/p>\n<p style=\"text-align: center;\">le 26 d\u00e9cembre 1697<\/p>\n<p style=\"text-align: center;\">fils de<\/p>\n<p style=\"text-align: center;\">Pierre MARG\u00c9RIDON \/ Catherine CHAMPESME<\/p>\n<p style=\"text-align: center;\">laboureurs<\/p>\n<p style=\"text-align: center;\"><span style=\"color: #ffffff;\">\u25d9<\/span><\/p>\n<p><em>Philippe \u00e9pouse L\u00e9onarde <\/em><strong>MARGNOT<\/strong><em> le 21 f\u00e9vrier <\/em><strong>1718<\/strong> <em>au Monteil-au-Vicomte (contrat Delavergne). Ils habitent le grand moulin du Monteil.<\/em><\/p>\n<p><em> \u25ba<\/em><span style=\"color: #ff00ff;\"><a style=\"color: #ff00ff;\" href=\"https:\/\/www.lesmaconsdelacreuse.fr\/annuaires\/\/wp-content\/uploads\/DOCUMENTS\/1733_-_Prix_fait_QUEYRAT_MARGERIDON_-_JALLOT_CHANSARD.pdf\" target=\"_blank\" rel=\"noopener noreferrer\"><strong>En 1733<\/strong><\/a><\/span><em>, Philippe JALLOT et Antoine CHANSARD, ma\u00e7ons de Courson, paroisse de Vidaillat, sous-traitent \u00e0 Philippe et \u00e0 Gabriel QUEYRAT, ma\u00eetre charpentier, des travaux au clocher de \u25ba<a href=\"https:\/\/www.lesmaconsdelacreuse.fr\/annuaires\/\/wp-content\/uploads\/PHOTOS_-_CARTES_POSTALES\/MORTEROLLES_-_eglise_.JPG\" target=\"_blank\" rel=\"noopener noreferrer\">l\u2019\u00e9glise de Morterolles<\/a>, pour le prix de 99 livres.<\/em><\/p>\n<p><em> \u25ba<\/em><a href=\"https:\/\/www.lesmaconsdelacreuse.fr\/annuaires\/\/wp-content\/uploads\/DOCUMENTS\/1737_-_Prix_fait_a_Gabriel_QUEYRAT_et_Philippe_MARGERIDON.pdf\" target=\"_blank\" rel=\"noopener noreferrer\"><strong><span style=\"color: #ff00ff;\">En 1737<\/span><\/strong><\/a><em>, Philippe est charg\u00e9 avec Gabriel QUEYRAT, charpentier, de b\u00e2tir une maison pour le m\u00e9tayer du domaine de Lachaud, appartenant au seigneur du Monteil-au-Vicomte.<\/em><\/p>\n<p><em> \u25ba<a href=\"https:\/\/www.lesmaconsdelacreuse.fr\/annuaires\/\/wp-content\/uploads\/DOCUMENTS\/1738-1739_-_Prix_fait_a_Michel_MARGNOT_et_Philippe_MARGERIDON.pdf\" target=\"_blank\" rel=\"noopener noreferrer\">La m\u00eame ann\u00e9e<\/a>, il est engag\u00e9 avec Michel MARGNOT par L\u00e9onard CHAMPESME.<\/em><\/p>\n<p><em> \u25ba<\/em><a href=\"https:\/\/www.lesmaconsdelacreuse.fr\/annuaires\/\/wp-content\/uploads\/DOCUMENTS\/1744_-_Prix_fait_a_QUEYRAT_et_MARGERIDON.pdf\" target=\"_blank\" rel=\"noopener noreferrer\"><strong><span style=\"color: #ff00ff;\">En 1744<\/span><\/strong><\/a><em>, il travaille pour L\u00e9onard MARTEAU et L\u00e9onard COUDERT, son neveu, laboureurs habitant Le Chiroux.<\/em><\/p>\n<p><em> Les \u00e9poux d\u00e9c\u00e8dent au moulin\u00a0:<\/em><\/p>\n<ul>\n<li><em>Philippe, le 6 mai <\/em><strong>1760<\/strong><em>, \u00e2g\u00e9 de 62 ans<\/em><\/li>\n<li><em>L\u00e9onarde, le 3 juillet de la m\u00eame ann\u00e9e, \u00e2g\u00e9e de 63 ans<\/em><\/li>\n<\/ul>\n<p>S17<\/p>\n<p>&nbsp;<\/p>\n","protected":false},"excerpt":{"rendered":"<p>Mis \u00e0 jour le : 29\/04\/2026Philippe MARG\u00c9RIDON 1697 \u2013 1760 ma\u00e7on et \u25ba charpentier;\u00a0meunier et laboureur &nbsp; n\u00e9 \u00e0 Courson (Vidaillat) le 26 d\u00e9cembre 1697 fils de Pierre MARG\u00c9RIDON \/ Catherine CHAMPESME laboureurs \u25d9 Philippe \u00e9pouse L\u00e9onarde MARGNOT le 21 f\u00e9vrier 1718 au Monteil-au-Vicomte (contrat Delavergne). Ils habitent le grand moulin du Monteil. \u25baEn 1733, ..<\/p>\n<div class=\"clear-fix\"><\/div>\n<p><a href=\"https:\/\/www.lesmaconsdelacreuse.fr\/annuaires\/lettre-m\/m_112\/\" title=\"Lire la suite...\">Lire la suite<\/a><\/p>\n","protected":false},"author":2,"featured_media":0,"comment_status":"closed","ping_status":"closed","sticky":false,"template":"","format":"standard","meta":{"_acf_changed":false,"_exactmetrics_skip_tracking":false,"_exactmetrics_sitenote_active":false,"_exactmetrics_sitenote_note":"","_exactmetrics_sitenote_category":0,"footnotes":""},"categories":[14],"tags":[],"class_list":["post-37647","post","type-post","status-publish","format-standard","hentry","category-lettre-m"],"acf":[],"_links":{"self":[{"href":"https:\/\/www.lesmaconsdelacreuse.fr\/annuaires\/wp-json\/wp\/v2\/posts\/37647","targetHints":{"allow":["GET"]}}],"collection":[{"href":"https:\/\/www.lesmaconsdelacreuse.fr\/annuaires\/wp-json\/wp\/v2\/posts"}],"about":[{"href":"https:\/\/www.lesmaconsdelacreuse.fr\/annuaires\/wp-json\/wp\/v2\/types\/post"}],"author":[{"embeddable":true,"href":"https:\/\/www.lesmaconsdelacreuse.fr\/annuaires\/wp-json\/wp\/v2\/users\/2"}],"replies":[{"embeddable":true,"href":"https:\/\/www.lesmaconsdelacreuse.fr\/annuaires\/wp-json\/wp\/v2\/comments?post=37647"}],"version-history":[{"count":1,"href":"https:\/\/www.lesmaconsdelacreuse.fr\/annuaires\/wp-json\/wp\/v2\/posts\/37647\/revisions"}],"predecessor-version":[{"id":203903,"href":"https:\/\/www.lesmaconsdelacreuse.fr\/annuaires\/wp-json\/wp\/v2\/posts\/37647\/revisions\/203903"}],"wp:attachment":[{"href":"https:\/\/www.lesmaconsdelacreuse.fr\/annuaires\/wp-json\/wp\/v2\/media?parent=37647"}],"wp:term":[{"taxonomy":"category","embeddable":true,"href":"https:\/\/www.lesmaconsdelacreuse.fr\/annuaires\/wp-json\/wp\/v2\/categories?post=37647"},{"taxonomy":"post_tag","embeddable":true,"href":"https:\/\/www.lesmaconsdelacreuse.fr\/annuaires\/wp-json\/wp\/v2\/tags?post=37647"}],"curies":[{"name":"wp","href":"https:\/\/api.w.org\/{rel}","templated":true}]}}