{"id":37649,"date":"2019-08-04T17:22:36","date_gmt":"2019-08-04T15:22:36","guid":{"rendered":"http:\/\/lesmaconsdelacreuse.fr\/annuaire\/?p=37649"},"modified":"2020-01-20T11:07:50","modified_gmt":"2020-01-20T10:07:50","slug":"m_106","status":"publish","type":"post","link":"https:\/\/www.lesmaconsdelacreuse.fr\/annuaires\/lettre-m\/m_106\/","title":{"rendered":"MARG\u00c9RIDON Jean (1829-1864)"},"content":{"rendered":"<p class=\"last-updated\"><strong>Mis \u00e0 jour le :<\/strong> 29\/04\/2026<\/p><h2 style=\"text-align: center;\"><strong>Jean MARG\u00c9RIDON<\/strong><\/h2>\n<p style=\"text-align: center;\"><strong>1829 &#8211; 1864<\/strong><\/p>\n<p style=\"text-align: center;\"><img decoding=\"async\" title=\"\" src=\"https:\/\/lesmaconsdelacreuse.fr\/annuaire\/wp-content\/uploads\/2019\/08\/image1-1259.jpg\" alt=\"\" data-asset-id=\"37648\" data-source-id=\"i.0\" \/><\/p>\n<h4 style=\"text-align: center;\"><span style=\"color: #008000;\"><strong>ma\u00e7on<\/strong><\/span><\/h4>\n<p style=\"text-align: center;\">n\u00e9 au bourg du Monteil-au-Vicomte<\/p>\n<p style=\"text-align: center;\">le 8 avril 1829<\/p>\n<p style=\"text-align: center;\">fils de<\/p>\n<p style=\"text-align: center;\">Louis MARG\u00c9RIDON, marchand de vin<\/p>\n<p style=\"text-align: center;\">Fran\u00e7oise BORD<\/p>\n<p style=\"text-align: center;\">propri\u00e9taires cultivateurs<\/p>\n<p style=\"text-align: center;\"><span style=\"color: #ffffff;\">\u25d9<\/span><\/p>\n<p><em>Jean \u00e9pouse Marie <\/em><strong>AUPETIT <\/strong><em>le 14 mars <\/em><strong>1859<\/strong> <em>au Monteil. <\/em><\/p>\n<p><em>Il y d\u00e9c\u00e8de le 14 mars <\/em><strong>1864<\/strong><em>, \u00e2g\u00e9 de 34 ans.<\/em><\/p>\n<p><em> Sa veuve se remarie en 1866 avec Antoine MARTIN, ma\u00eetre ma\u00e7on, et d\u00e9c\u00e8de au Monteil le 15 mai 1889, \u00e2g\u00e9e de 50 ans.<\/em><\/p>\n","protected":false},"excerpt":{"rendered":"<p>Mis \u00e0 jour le : 29\/04\/2026Jean MARG\u00c9RIDON 1829 &#8211; 1864 ma\u00e7on n\u00e9 au bourg du Monteil-au-Vicomte le 8 avril 1829 fils de Louis MARG\u00c9RIDON, marchand de vin Fran\u00e7oise BORD propri\u00e9taires cultivateurs \u25d9 Jean \u00e9pouse Marie AUPETIT le 14 mars 1859 au Monteil. Il y d\u00e9c\u00e8de le 14 mars 1864, \u00e2g\u00e9 de 34 ans. Sa veuve ..<\/p>\n<div class=\"clear-fix\"><\/div>\n<p><a href=\"https:\/\/www.lesmaconsdelacreuse.fr\/annuaires\/lettre-m\/m_106\/\" title=\"Lire la suite...\">Lire la suite<\/a><\/p>\n","protected":false},"author":2,"featured_media":0,"comment_status":"closed","ping_status":"closed","sticky":false,"template":"","format":"standard","meta":{"_acf_changed":false,"_exactmetrics_skip_tracking":false,"_exactmetrics_sitenote_active":false,"_exactmetrics_sitenote_note":"","_exactmetrics_sitenote_category":0,"footnotes":""},"categories":[14],"tags":[],"class_list":["post-37649","post","type-post","status-publish","format-standard","hentry","category-lettre-m"],"acf":[],"_links":{"self":[{"href":"https:\/\/www.lesmaconsdelacreuse.fr\/annuaires\/wp-json\/wp\/v2\/posts\/37649","targetHints":{"allow":["GET"]}}],"collection":[{"href":"https:\/\/www.lesmaconsdelacreuse.fr\/annuaires\/wp-json\/wp\/v2\/posts"}],"about":[{"href":"https:\/\/www.lesmaconsdelacreuse.fr\/annuaires\/wp-json\/wp\/v2\/types\/post"}],"author":[{"embeddable":true,"href":"https:\/\/www.lesmaconsdelacreuse.fr\/annuaires\/wp-json\/wp\/v2\/users\/2"}],"replies":[{"embeddable":true,"href":"https:\/\/www.lesmaconsdelacreuse.fr\/annuaires\/wp-json\/wp\/v2\/comments?post=37649"}],"version-history":[{"count":0,"href":"https:\/\/www.lesmaconsdelacreuse.fr\/annuaires\/wp-json\/wp\/v2\/posts\/37649\/revisions"}],"wp:attachment":[{"href":"https:\/\/www.lesmaconsdelacreuse.fr\/annuaires\/wp-json\/wp\/v2\/media?parent=37649"}],"wp:term":[{"taxonomy":"category","embeddable":true,"href":"https:\/\/www.lesmaconsdelacreuse.fr\/annuaires\/wp-json\/wp\/v2\/categories?post=37649"},{"taxonomy":"post_tag","embeddable":true,"href":"https:\/\/www.lesmaconsdelacreuse.fr\/annuaires\/wp-json\/wp\/v2\/tags?post=37649"}],"curies":[{"name":"wp","href":"https:\/\/api.w.org\/{rel}","templated":true}]}}