{"id":37653,"date":"2019-08-04T17:22:36","date_gmt":"2019-08-04T15:22:36","guid":{"rendered":"http:\/\/lesmaconsdelacreuse.fr\/annuaire\/?p=37653"},"modified":"2023-01-04T13:04:56","modified_gmt":"2023-01-04T12:04:56","slug":"m_100","status":"publish","type":"post","link":"https:\/\/www.lesmaconsdelacreuse.fr\/annuaires\/lettre-m\/m_100\/","title":{"rendered":"MARG\u00c9RIDON Gabriel (vers 1681\u20131731)"},"content":{"rendered":"<p class=\"last-updated\"><strong>Mis \u00e0 jour le :<\/strong> 29\/04\/2026<\/p><h2 style=\"text-align: center;\"><strong>Gabriel MARG\u00c9RIDON<\/strong><\/h2>\n<p style=\"text-align: center;\"><strong>vers 1681 \u2013 1731<\/strong><\/p>\n<p style=\"text-align: center;\"><img decoding=\"async\" title=\"\" src=\"https:\/\/lesmaconsdelacreuse.fr\/annuaire\/wp-content\/uploads\/2019\/08\/image1-1261.jpg\" alt=\"\" data-asset-id=\"37652\" data-source-id=\"i.0\" \/><\/p>\n<h4 style=\"text-align: center;\"><span style=\"color: #008000;\"><strong>ma\u00e7on<\/strong><\/span><\/h4>\n<p style=\"text-align: center;\">n\u00e9 \u00e0 Beauvais (Saint-Pierre-le-Bost)\u00a0?<\/p>\n<p style=\"text-align: center;\">vers 1681<\/p>\n<p style=\"text-align: center;\"><span style=\"color: #ffffff;\">\u25d9<\/span><\/p>\n<p><em>Gabriel \u00e9pouse Fran\u00e7oise <\/em><strong>CONILLE<\/strong><em> le 23 f\u00e9vrier <\/em><strong>1718<\/strong><em> \u00e0 Saint-Pierre (contrat Darfeuille \u00e0 Ch\u00e2tain). Ils habitent Beauvais.<\/em><\/p>\n<p><em>Gabriel teste le 22 ao\u00fbt <\/em><strong>1731<\/strong><em> devant Me Darfeuille de Ch\u00e2tain\u00a0; il d\u00e9c\u00e8de \u00e0 Beauvais le lendemain, \u00e2g\u00e9 de 50 ans environ.<\/em><\/p>\n<p><em>Sa veuve d\u00e9c\u00e8de au Monteil-au-Vicomte le 11 janvier 1737, \u00e2g\u00e9e de 45 ans environ.<\/em><\/p>\n<p>S17<\/p>\n","protected":false},"excerpt":{"rendered":"<p>Mis \u00e0 jour le : 29\/04\/2026Gabriel MARG\u00c9RIDON vers 1681 \u2013 1731 ma\u00e7on n\u00e9 \u00e0 Beauvais (Saint-Pierre-le-Bost)\u00a0? vers 1681 \u25d9 Gabriel \u00e9pouse Fran\u00e7oise CONILLE le 23 f\u00e9vrier 1718 \u00e0 Saint-Pierre (contrat Darfeuille \u00e0 Ch\u00e2tain). Ils habitent Beauvais. Gabriel teste le 22 ao\u00fbt 1731 devant Me Darfeuille de Ch\u00e2tain\u00a0; il d\u00e9c\u00e8de \u00e0 Beauvais le lendemain, \u00e2g\u00e9 de ..<\/p>\n<div class=\"clear-fix\"><\/div>\n<p><a href=\"https:\/\/www.lesmaconsdelacreuse.fr\/annuaires\/lettre-m\/m_100\/\" title=\"Lire la suite...\">Lire la suite<\/a><\/p>\n","protected":false},"author":2,"featured_media":0,"comment_status":"closed","ping_status":"closed","sticky":false,"template":"","format":"standard","meta":{"_acf_changed":false,"_exactmetrics_skip_tracking":false,"_exactmetrics_sitenote_active":false,"_exactmetrics_sitenote_note":"","_exactmetrics_sitenote_category":0,"footnotes":""},"categories":[14],"tags":[],"class_list":["post-37653","post","type-post","status-publish","format-standard","hentry","category-lettre-m"],"acf":[],"_links":{"self":[{"href":"https:\/\/www.lesmaconsdelacreuse.fr\/annuaires\/wp-json\/wp\/v2\/posts\/37653","targetHints":{"allow":["GET"]}}],"collection":[{"href":"https:\/\/www.lesmaconsdelacreuse.fr\/annuaires\/wp-json\/wp\/v2\/posts"}],"about":[{"href":"https:\/\/www.lesmaconsdelacreuse.fr\/annuaires\/wp-json\/wp\/v2\/types\/post"}],"author":[{"embeddable":true,"href":"https:\/\/www.lesmaconsdelacreuse.fr\/annuaires\/wp-json\/wp\/v2\/users\/2"}],"replies":[{"embeddable":true,"href":"https:\/\/www.lesmaconsdelacreuse.fr\/annuaires\/wp-json\/wp\/v2\/comments?post=37653"}],"version-history":[{"count":1,"href":"https:\/\/www.lesmaconsdelacreuse.fr\/annuaires\/wp-json\/wp\/v2\/posts\/37653\/revisions"}],"predecessor-version":[{"id":203716,"href":"https:\/\/www.lesmaconsdelacreuse.fr\/annuaires\/wp-json\/wp\/v2\/posts\/37653\/revisions\/203716"}],"wp:attachment":[{"href":"https:\/\/www.lesmaconsdelacreuse.fr\/annuaires\/wp-json\/wp\/v2\/media?parent=37653"}],"wp:term":[{"taxonomy":"category","embeddable":true,"href":"https:\/\/www.lesmaconsdelacreuse.fr\/annuaires\/wp-json\/wp\/v2\/categories?post=37653"},{"taxonomy":"post_tag","embeddable":true,"href":"https:\/\/www.lesmaconsdelacreuse.fr\/annuaires\/wp-json\/wp\/v2\/tags?post=37653"}],"curies":[{"name":"wp","href":"https:\/\/api.w.org\/{rel}","templated":true}]}}