{"id":37655,"date":"2019-08-04T17:22:36","date_gmt":"2019-08-04T15:22:36","guid":{"rendered":"http:\/\/lesmaconsdelacreuse.fr\/annuaire\/?p=37655"},"modified":"2020-09-28T10:32:00","modified_gmt":"2020-09-28T08:32:00","slug":"m_86","status":"publish","type":"post","link":"https:\/\/www.lesmaconsdelacreuse.fr\/annuaires\/lettre-m\/m_86\/","title":{"rendered":"MARCHEIX Jean (1839-1911)"},"content":{"rendered":"<p class=\"last-updated\"><strong>Mis \u00e0 jour le :<\/strong> 29\/04\/2026<\/p><h2 style=\"text-align: center;\"><strong>Jean MARCHEIX<\/strong><\/h2>\n<p style=\"text-align: center;\"><strong>dit La Combe<\/strong><\/p>\n<p style=\"text-align: center;\"><strong>1839 &#8211; 1911<\/strong><\/p>\n<p style=\"text-align: center;\"><img decoding=\"async\" title=\"\" src=\"https:\/\/lesmaconsdelacreuse.fr\/annuaire\/wp-content\/uploads\/2019\/08\/image1-1262.jpg\" alt=\"\" data-asset-id=\"37654\" data-source-id=\"i.0\" \/><\/p>\n<h4 style=\"text-align: center;\"><strong><span style=\"color: #008000;\">ma\u00e7on<\/span> <\/strong><span style=\"color: #008000;\">et<strong> cultivateur<\/strong><\/span><\/h4>\n<p>&nbsp;<\/p>\n<p style=\"text-align: center;\">n\u00e9 au Compeix (Saint-Pierre-le-Bost)<\/p>\n<p style=\"text-align: center;\">le 8 novembre 1839<\/p>\n<p style=\"text-align: center;\">fils de<\/p>\n<p style=\"text-align: center;\">Jean MARCHEIX, <span style=\"color: #008000;\"><strong>ma\u00e7on<\/strong><\/span> et <em>\u25ba <\/em><a href=\"https:\/\/www.lesmaconsdelacreuse.fr\/annuaires\/wp-content\/uploads\/2019\/08\/TAILLANDIER.png\">taillandier<\/a><\/p>\n<p style=\"text-align: center;\">Th\u00e9r\u00e8se FARGES<\/p>\n<p style=\"text-align: center;\">propri\u00e9taires cultivateurs<\/p>\n<p style=\"text-align: center;\"><span style=\"color: #ffffff;\">\u25d9<\/span><\/p>\n<p><em>Jean \u00e9pouse Marie <\/em><strong>BAUDY<\/strong><em> le 21 f\u00e9vrier <\/em><strong>1865<\/strong><em> \u00e0 Saint-Marc-\u00e0-Loubaud\u00a0 (contrat Toumieux \u00e0 Roy\u00e8re).<\/em><\/p>\n<p><em>Ils habitent le bourg du Compeix.<\/em><\/p>\n<p><em> Ils y d\u00e9c\u00e8dent\u00a0:<\/em><\/p>\n<ul>\n<li><em>Jean, le 29 octobre <\/em><strong>1911<\/strong><em>, \u00e2g\u00e9 de 71 ans<\/em><\/li>\n<li><em>Marie, le 26 janvier <\/em><strong>1939<\/strong>,<em> \u00e2g\u00e9e de 95 ans<\/em><\/li>\n<\/ul>\n<p>&nbsp;<\/p>\n","protected":false},"excerpt":{"rendered":"<p>Mis \u00e0 jour le : 29\/04\/2026Jean MARCHEIX dit La Combe 1839 &#8211; 1911 ma\u00e7on et cultivateur &nbsp; n\u00e9 au Compeix (Saint-Pierre-le-Bost) le 8 novembre 1839 fils de Jean MARCHEIX, ma\u00e7on et \u25ba taillandier Th\u00e9r\u00e8se FARGES propri\u00e9taires cultivateurs \u25d9 Jean \u00e9pouse Marie BAUDY le 21 f\u00e9vrier 1865 \u00e0 Saint-Marc-\u00e0-Loubaud\u00a0 (contrat Toumieux \u00e0 Roy\u00e8re). Ils habitent le ..<\/p>\n<div class=\"clear-fix\"><\/div>\n<p><a href=\"https:\/\/www.lesmaconsdelacreuse.fr\/annuaires\/lettre-m\/m_86\/\" title=\"Lire la suite...\">Lire la suite<\/a><\/p>\n","protected":false},"author":2,"featured_media":0,"comment_status":"closed","ping_status":"closed","sticky":false,"template":"","format":"standard","meta":{"_acf_changed":false,"_exactmetrics_skip_tracking":false,"_exactmetrics_sitenote_active":false,"_exactmetrics_sitenote_note":"","_exactmetrics_sitenote_category":0,"footnotes":""},"categories":[14],"tags":[],"class_list":["post-37655","post","type-post","status-publish","format-standard","hentry","category-lettre-m"],"acf":[],"_links":{"self":[{"href":"https:\/\/www.lesmaconsdelacreuse.fr\/annuaires\/wp-json\/wp\/v2\/posts\/37655","targetHints":{"allow":["GET"]}}],"collection":[{"href":"https:\/\/www.lesmaconsdelacreuse.fr\/annuaires\/wp-json\/wp\/v2\/posts"}],"about":[{"href":"https:\/\/www.lesmaconsdelacreuse.fr\/annuaires\/wp-json\/wp\/v2\/types\/post"}],"author":[{"embeddable":true,"href":"https:\/\/www.lesmaconsdelacreuse.fr\/annuaires\/wp-json\/wp\/v2\/users\/2"}],"replies":[{"embeddable":true,"href":"https:\/\/www.lesmaconsdelacreuse.fr\/annuaires\/wp-json\/wp\/v2\/comments?post=37655"}],"version-history":[{"count":0,"href":"https:\/\/www.lesmaconsdelacreuse.fr\/annuaires\/wp-json\/wp\/v2\/posts\/37655\/revisions"}],"wp:attachment":[{"href":"https:\/\/www.lesmaconsdelacreuse.fr\/annuaires\/wp-json\/wp\/v2\/media?parent=37655"}],"wp:term":[{"taxonomy":"category","embeddable":true,"href":"https:\/\/www.lesmaconsdelacreuse.fr\/annuaires\/wp-json\/wp\/v2\/categories?post=37655"},{"taxonomy":"post_tag","embeddable":true,"href":"https:\/\/www.lesmaconsdelacreuse.fr\/annuaires\/wp-json\/wp\/v2\/tags?post=37655"}],"curies":[{"name":"wp","href":"https:\/\/api.w.org\/{rel}","templated":true}]}}