{"id":37660,"date":"2019-08-04T17:22:36","date_gmt":"2019-08-04T15:22:36","guid":{"rendered":"http:\/\/lesmaconsdelacreuse.fr\/annuaire\/?p=37660"},"modified":"2022-01-12T12:15:14","modified_gmt":"2022-01-12T11:15:14","slug":"m_115","status":"publish","type":"post","link":"https:\/\/www.lesmaconsdelacreuse.fr\/annuaires\/lettre-m\/m_115\/","title":{"rendered":"MARIAUD Eug\u00e8ne (1895-1979)"},"content":{"rendered":"<p class=\"last-updated\"><strong>Mis \u00e0 jour le :<\/strong> 29\/04\/2026<\/p><h2 style=\"text-align: center;\"><strong>Eug\u00e8ne MARIAUD<\/strong><\/h2>\n<p style=\"text-align: center;\"><strong>1895 &#8211; 1979<\/strong><\/p>\n<p style=\"text-align: center;\"><img loading=\"lazy\" decoding=\"async\" class=\"\" title=\"\" src=\"https:\/\/lesmaconsdelacreuse.fr\/annuaire\/wp-content\/uploads\/2019\/08\/image1-1264.jpg\" alt=\"\" width=\"414\" height=\"140\" data-source-id=\"i.0\" data-asset-id=\"37658\" \/><\/p>\n<h4 style=\"text-align: center;\"><span style=\"color: #008000;\"><strong>ma\u00e7on<\/strong><\/span><\/h4>\n<p style=\"text-align: center;\">n\u00e9 \u00e0 Vergnolas (Roy\u00e8re)<\/p>\n<p style=\"text-align: center;\">le 24 janvier 1895<\/p>\n<p style=\"text-align: center;\">fils de<\/p>\n<p style=\"text-align: center;\">Jean MARIAUD, <span style=\"color: #008000;\"><strong>ma\u00e7on<\/strong><\/span><\/p>\n<p style=\"text-align: center;\">Marie BUREAU, cultivatrice<\/p>\n<p style=\"text-align: center;\"><span style=\"color: #ffffff;\">\u25d9<\/span><\/p>\n<p><em>Eug\u00e8ne \u00e9pouse Louise <\/em><strong>SAUTOUR<\/strong><em> le 24 mars <\/em><strong>1923<\/strong><em> \u00e0 Roy\u00e8re (contrat Toumieux). Ils habitent Vergnolas. <\/em><\/p>\n<p><strong>En 1921<\/strong><em>, Eug\u00e8ne travaille \u00e0 <\/em><strong><span style=\"color: #0000ff;\">Fontaines-sur-Sa\u00f4ne (69)<\/span>\u00a0<\/strong><em>;<\/em><\/p>\n<p><strong>en 1924 et 1928<\/strong><em>, \u00e0 <\/em><span style=\"color: #0000ff;\"><strong>Rochetaill\u00e9e (69)<i>;<\/i><\/strong><\/span><\/p>\n<p><strong>en 1936<\/strong>, <em>de nouveau \u00e0 Fontaines-sur-Sa\u00f4ne.<\/em><\/p>\n<p><em>Les \u00e9poux d\u00e9c\u00e8dent\u00a0:<\/em><\/p>\n<ul>\n<li><em>Louise, \u00e0 <\/em><span style=\"color: #0000ff;\"><strong>Annonay (07)<\/strong><\/span><em>, le 9 juillet <\/em><strong>1979<\/strong><em>, \u00e2g\u00e9e de 78 ans<\/em><\/li>\n<li><em>Eug\u00e8ne, \u00e0 Saint-Vallier (26), le 3 octobre suivant, \u00e2g\u00e9 de 84 ans<\/em><\/li>\n<\/ul>\n","protected":false},"excerpt":{"rendered":"<p>Mis \u00e0 jour le : 29\/04\/2026Eug\u00e8ne MARIAUD 1895 &#8211; 1979 ma\u00e7on n\u00e9 \u00e0 Vergnolas (Roy\u00e8re) le 24 janvier 1895 fils de Jean MARIAUD, ma\u00e7on Marie BUREAU, cultivatrice \u25d9 Eug\u00e8ne \u00e9pouse Louise SAUTOUR le 24 mars 1923 \u00e0 Roy\u00e8re (contrat Toumieux). Ils habitent Vergnolas. En 1921, Eug\u00e8ne travaille \u00e0 Fontaines-sur-Sa\u00f4ne (69)\u00a0; en 1924 et 1928, \u00e0 ..<\/p>\n<div class=\"clear-fix\"><\/div>\n<p><a href=\"https:\/\/www.lesmaconsdelacreuse.fr\/annuaires\/lettre-m\/m_115\/\" title=\"Lire la suite...\">Lire la suite<\/a><\/p>\n","protected":false},"author":2,"featured_media":0,"comment_status":"closed","ping_status":"closed","sticky":false,"template":"","format":"standard","meta":{"_acf_changed":false,"_exactmetrics_skip_tracking":false,"_exactmetrics_sitenote_active":false,"_exactmetrics_sitenote_note":"","_exactmetrics_sitenote_category":0,"footnotes":""},"categories":[14],"tags":[],"class_list":["post-37660","post","type-post","status-publish","format-standard","hentry","category-lettre-m"],"acf":[],"_links":{"self":[{"href":"https:\/\/www.lesmaconsdelacreuse.fr\/annuaires\/wp-json\/wp\/v2\/posts\/37660","targetHints":{"allow":["GET"]}}],"collection":[{"href":"https:\/\/www.lesmaconsdelacreuse.fr\/annuaires\/wp-json\/wp\/v2\/posts"}],"about":[{"href":"https:\/\/www.lesmaconsdelacreuse.fr\/annuaires\/wp-json\/wp\/v2\/types\/post"}],"author":[{"embeddable":true,"href":"https:\/\/www.lesmaconsdelacreuse.fr\/annuaires\/wp-json\/wp\/v2\/users\/2"}],"replies":[{"embeddable":true,"href":"https:\/\/www.lesmaconsdelacreuse.fr\/annuaires\/wp-json\/wp\/v2\/comments?post=37660"}],"version-history":[{"count":2,"href":"https:\/\/www.lesmaconsdelacreuse.fr\/annuaires\/wp-json\/wp\/v2\/posts\/37660\/revisions"}],"predecessor-version":[{"id":193957,"href":"https:\/\/www.lesmaconsdelacreuse.fr\/annuaires\/wp-json\/wp\/v2\/posts\/37660\/revisions\/193957"}],"wp:attachment":[{"href":"https:\/\/www.lesmaconsdelacreuse.fr\/annuaires\/wp-json\/wp\/v2\/media?parent=37660"}],"wp:term":[{"taxonomy":"category","embeddable":true,"href":"https:\/\/www.lesmaconsdelacreuse.fr\/annuaires\/wp-json\/wp\/v2\/categories?post=37660"},{"taxonomy":"post_tag","embeddable":true,"href":"https:\/\/www.lesmaconsdelacreuse.fr\/annuaires\/wp-json\/wp\/v2\/tags?post=37660"}],"curies":[{"name":"wp","href":"https:\/\/api.w.org\/{rel}","templated":true}]}}