{"id":37668,"date":"2019-08-04T17:22:37","date_gmt":"2019-08-04T15:22:37","guid":{"rendered":"http:\/\/lesmaconsdelacreuse.fr\/annuaire\/?p=37668"},"modified":"2020-01-20T11:07:49","modified_gmt":"2020-01-20T10:07:49","slug":"m_43","status":"publish","type":"post","link":"https:\/\/www.lesmaconsdelacreuse.fr\/annuaires\/lettre-m\/m_43\/","title":{"rendered":"MALIGNE L\u00e9onard (1796-1839)"},"content":{"rendered":"<p class=\"last-updated\"><strong>Mis \u00e0 jour le :<\/strong> 29\/04\/2026<\/p><h2 style=\"text-align: center;\"><strong>L\u00e9onard MALIGNE<\/strong><\/h2>\n<p style=\"text-align: center;\"><strong>1796 &#8211; 1839<\/strong><\/p>\n<p style=\"text-align: center;\"><img decoding=\"async\" title=\"\" src=\"https:\/\/lesmaconsdelacreuse.fr\/annuaire\/wp-content\/uploads\/2019\/08\/image1-1268.jpg\" alt=\"\" data-asset-id=\"37667\" data-source-id=\"i.0\" \/><\/p>\n<h4 style=\"text-align: center;\"><span style=\"color: #008000;\"><strong>ma\u00e7on <\/strong>et<strong> cultivateur<\/strong><\/span><\/h4>\n<p style=\"text-align: center;\">n\u00e9 au Montabaraud (Saint-Dizier-Leyrenne)<\/p>\n<p style=\"text-align: center;\">le 8 vent\u00f4se an IV (27 f\u00e9vrier 1796)<\/p>\n<p style=\"text-align: center;\">fils de<\/p>\n<p style=\"text-align: center;\">Bernard MALIGNE \/ Marie GOMME<\/p>\n<p style=\"text-align: center;\"><span style=\"color: #ffffff;\">\u25d9<\/span><\/p>\n<p><em>Il \u00e9pouse L\u00e9onarde <\/em><strong>MARGERIDON<\/strong><em> le 15 avril <\/em><strong>1839<\/strong><em> \u00e0 Saint-Pierre-le-Bost (contrat Lepetit au Monteil-au-Vicomte). Jeanne est veuve de Jacques GERMOUTY, ma\u00e7on, et de Jean TOUNY.<\/em><\/p>\n<p><em>Ils habitent Le Planchadeau.<\/em><\/p>\n<p><em>L\u00e9onard y d\u00e9c\u00e8de le 2 octobre <\/em>1839<em>, \u00e2g\u00e9 de 43 ans.<\/em><\/p>\n<p><em>Sa veuve se remarie en 1841 avec \u00c9tienne CLAV\u00c9ROLAS, ma\u00e7on, et d\u00e9c\u00e8de au Planchadeau le 12 avril 1851, \u00e2g\u00e9e de 71 ans.<\/em><\/p>\n","protected":false},"excerpt":{"rendered":"<p>Mis \u00e0 jour le : 29\/04\/2026L\u00e9onard MALIGNE 1796 &#8211; 1839 ma\u00e7on et cultivateur n\u00e9 au Montabaraud (Saint-Dizier-Leyrenne) le 8 vent\u00f4se an IV (27 f\u00e9vrier 1796) fils de Bernard MALIGNE \/ Marie GOMME \u25d9 Il \u00e9pouse L\u00e9onarde MARGERIDON le 15 avril 1839 \u00e0 Saint-Pierre-le-Bost (contrat Lepetit au Monteil-au-Vicomte). Jeanne est veuve de Jacques GERMOUTY, ma\u00e7on, et ..<\/p>\n<div class=\"clear-fix\"><\/div>\n<p><a href=\"https:\/\/www.lesmaconsdelacreuse.fr\/annuaires\/lettre-m\/m_43\/\" title=\"Lire la suite...\">Lire la suite<\/a><\/p>\n","protected":false},"author":2,"featured_media":0,"comment_status":"closed","ping_status":"closed","sticky":false,"template":"","format":"standard","meta":{"_acf_changed":false,"_exactmetrics_skip_tracking":false,"_exactmetrics_sitenote_active":false,"_exactmetrics_sitenote_note":"","_exactmetrics_sitenote_category":0,"footnotes":""},"categories":[14],"tags":[],"class_list":["post-37668","post","type-post","status-publish","format-standard","hentry","category-lettre-m"],"acf":[],"_links":{"self":[{"href":"https:\/\/www.lesmaconsdelacreuse.fr\/annuaires\/wp-json\/wp\/v2\/posts\/37668","targetHints":{"allow":["GET"]}}],"collection":[{"href":"https:\/\/www.lesmaconsdelacreuse.fr\/annuaires\/wp-json\/wp\/v2\/posts"}],"about":[{"href":"https:\/\/www.lesmaconsdelacreuse.fr\/annuaires\/wp-json\/wp\/v2\/types\/post"}],"author":[{"embeddable":true,"href":"https:\/\/www.lesmaconsdelacreuse.fr\/annuaires\/wp-json\/wp\/v2\/users\/2"}],"replies":[{"embeddable":true,"href":"https:\/\/www.lesmaconsdelacreuse.fr\/annuaires\/wp-json\/wp\/v2\/comments?post=37668"}],"version-history":[{"count":0,"href":"https:\/\/www.lesmaconsdelacreuse.fr\/annuaires\/wp-json\/wp\/v2\/posts\/37668\/revisions"}],"wp:attachment":[{"href":"https:\/\/www.lesmaconsdelacreuse.fr\/annuaires\/wp-json\/wp\/v2\/media?parent=37668"}],"wp:term":[{"taxonomy":"category","embeddable":true,"href":"https:\/\/www.lesmaconsdelacreuse.fr\/annuaires\/wp-json\/wp\/v2\/categories?post=37668"},{"taxonomy":"post_tag","embeddable":true,"href":"https:\/\/www.lesmaconsdelacreuse.fr\/annuaires\/wp-json\/wp\/v2\/tags?post=37668"}],"curies":[{"name":"wp","href":"https:\/\/api.w.org\/{rel}","templated":true}]}}