{"id":37670,"date":"2019-08-04T17:22:37","date_gmt":"2019-08-04T15:22:37","guid":{"rendered":"http:\/\/lesmaconsdelacreuse.fr\/annuaire\/?p=37670"},"modified":"2020-01-20T11:07:49","modified_gmt":"2020-01-20T10:07:49","slug":"m_101","status":"publish","type":"post","link":"https:\/\/www.lesmaconsdelacreuse.fr\/annuaires\/lettre-m\/m_101\/","title":{"rendered":"MARG\u00c9RIDON Gabriel (1798-1856)"},"content":{"rendered":"<p class=\"last-updated\"><strong>Mis \u00e0 jour le :<\/strong> 29\/04\/2026<\/p><h2 style=\"text-align: center;\"><strong>Gabriel MARG\u00c9RIDON<\/strong><\/h2>\n<p style=\"text-align: center;\"><strong>1798 &#8211; 1856<\/strong><\/p>\n<p style=\"text-align: center;\"><img decoding=\"async\" title=\"\" src=\"https:\/\/lesmaconsdelacreuse.fr\/annuaire\/wp-content\/uploads\/2019\/08\/image1-1269.jpg\" alt=\"\" data-asset-id=\"37669\" data-source-id=\"i.0\" \/><\/p>\n<h4 style=\"text-align: center;\"><span style=\"color: #008000;\"><strong>ma\u00e7on<\/strong><\/span><\/h4>\n<p style=\"text-align: center;\">n\u00e9 \u00e0 La Villatte (Saint-Pierre-le-Bost)<\/p>\n<p style=\"text-align: center;\">29 thermidor an VI (16 ao\u00fbt 1798)<\/p>\n<p style=\"text-align: center;\">fils de<\/p>\n<p style=\"text-align: center;\">Joseph MARG\u00c9RIDON, <span style=\"color: #008000;\"><strong>ma\u00e7on<\/strong><\/span><\/p>\n<p style=\"text-align: center;\">Catherine BRISSON, berg\u00e8re<\/p>\n<p style=\"text-align: center;\"><span style=\"color: #ffffff;\">\u25d9<\/span><\/p>\n<p><em>Gabriel \u00e9pouse Louise <\/em><strong>LEMASSON <\/strong><em>le 28 f\u00e9vrier <\/em><strong>1815<\/strong> <em>\u00e0 Ch\u00e2tain\u00a0 (contrat Lepetit au Monteil-au-Vicomte). Ils habitent d\u2019abord La Villatte. <\/em><\/p>\n<p><strong>En 1839<\/strong><em>, ils sont dans la commune de <\/em><span style=\"color: #0000ff;\"><strong>Dagneux (01)<\/strong><\/span><em>, log\u00e9s chez le sieur Gabriel PARADOUX.<\/em><\/p>\n<p><em>Louise d\u00e9c\u00e8de au Monteil le 17 juillet <\/em><strong>1843<\/strong><em>, \u00e2g\u00e9e de 46 ans. <\/em><\/p>\n<p><em>Gabriel se remarie avec Marie <\/em><strong>LENOIR<\/strong><em> le 8 janvier <\/em><strong>1844<\/strong><em> au Monteil.<\/em><\/p>\n<p><strong>En 1856<\/strong><em>, il travaille \u00e0 <\/em><span style=\"color: #0000ff;\"><strong>Lyon (69)<\/strong><\/span><em> et loge chez M. Lenoir, 10, rue Bourgchanin.<\/em><\/p>\n<p><em>Il d\u00e9c\u00e8de \u00e0 Lyon<\/em> <em>2e, le 12 f\u00e9vrier de la m\u00eame ann\u00e9e, \u00e2g\u00e9 de 57 ans.<\/em><\/p>\n<p><em>Sa veuve d\u00e9c\u00e8de au Monteil le 20 juillet <\/em>1889<em>, \u00e2g\u00e9e de 78 ans.<\/em><\/p>\n","protected":false},"excerpt":{"rendered":"<p>Mis \u00e0 jour le : 29\/04\/2026Gabriel MARG\u00c9RIDON 1798 &#8211; 1856 ma\u00e7on n\u00e9 \u00e0 La Villatte (Saint-Pierre-le-Bost) 29 thermidor an VI (16 ao\u00fbt 1798) fils de Joseph MARG\u00c9RIDON, ma\u00e7on Catherine BRISSON, berg\u00e8re \u25d9 Gabriel \u00e9pouse Louise LEMASSON le 28 f\u00e9vrier 1815 \u00e0 Ch\u00e2tain\u00a0 (contrat Lepetit au Monteil-au-Vicomte). Ils habitent d\u2019abord La Villatte. En 1839, ils sont ..<\/p>\n<div class=\"clear-fix\"><\/div>\n<p><a href=\"https:\/\/www.lesmaconsdelacreuse.fr\/annuaires\/lettre-m\/m_101\/\" title=\"Lire la suite...\">Lire la suite<\/a><\/p>\n","protected":false},"author":2,"featured_media":0,"comment_status":"closed","ping_status":"closed","sticky":false,"template":"","format":"standard","meta":{"_acf_changed":false,"_exactmetrics_skip_tracking":false,"_exactmetrics_sitenote_active":false,"_exactmetrics_sitenote_note":"","_exactmetrics_sitenote_category":0,"footnotes":""},"categories":[14],"tags":[],"class_list":["post-37670","post","type-post","status-publish","format-standard","hentry","category-lettre-m"],"acf":[],"_links":{"self":[{"href":"https:\/\/www.lesmaconsdelacreuse.fr\/annuaires\/wp-json\/wp\/v2\/posts\/37670","targetHints":{"allow":["GET"]}}],"collection":[{"href":"https:\/\/www.lesmaconsdelacreuse.fr\/annuaires\/wp-json\/wp\/v2\/posts"}],"about":[{"href":"https:\/\/www.lesmaconsdelacreuse.fr\/annuaires\/wp-json\/wp\/v2\/types\/post"}],"author":[{"embeddable":true,"href":"https:\/\/www.lesmaconsdelacreuse.fr\/annuaires\/wp-json\/wp\/v2\/users\/2"}],"replies":[{"embeddable":true,"href":"https:\/\/www.lesmaconsdelacreuse.fr\/annuaires\/wp-json\/wp\/v2\/comments?post=37670"}],"version-history":[{"count":0,"href":"https:\/\/www.lesmaconsdelacreuse.fr\/annuaires\/wp-json\/wp\/v2\/posts\/37670\/revisions"}],"wp:attachment":[{"href":"https:\/\/www.lesmaconsdelacreuse.fr\/annuaires\/wp-json\/wp\/v2\/media?parent=37670"}],"wp:term":[{"taxonomy":"category","embeddable":true,"href":"https:\/\/www.lesmaconsdelacreuse.fr\/annuaires\/wp-json\/wp\/v2\/categories?post=37670"},{"taxonomy":"post_tag","embeddable":true,"href":"https:\/\/www.lesmaconsdelacreuse.fr\/annuaires\/wp-json\/wp\/v2\/tags?post=37670"}],"curies":[{"name":"wp","href":"https:\/\/api.w.org\/{rel}","templated":true}]}}