{"id":37672,"date":"2019-08-04T17:22:37","date_gmt":"2019-08-04T15:22:37","guid":{"rendered":"http:\/\/lesmaconsdelacreuse.fr\/annuaire\/?p=37672"},"modified":"2020-09-28T16:50:23","modified_gmt":"2020-09-28T14:50:23","slug":"m_23","status":"publish","type":"post","link":"https:\/\/www.lesmaconsdelacreuse.fr\/annuaires\/lettre-m\/m_23\/","title":{"rendered":"MALDENT Baptiste (1855\u20131915)"},"content":{"rendered":"<p class=\"last-updated\"><strong>Mis \u00e0 jour le :<\/strong> 29\/04\/2026<\/p><h2 style=\"text-align: center;\"><strong>Baptiste MALDENT<\/strong><\/h2>\n<p style=\"text-align: center;\"><strong>Jean MALDENT<\/strong><\/p>\n<p style=\"text-align: center;\"><strong>1855 \u2013 1915<\/strong><\/p>\n<p style=\"text-align: center;\"><img decoding=\"async\" title=\"\" src=\"https:\/\/lesmaconsdelacreuse.fr\/annuaire\/wp-content\/uploads\/2019\/08\/image1-1270.jpg\" alt=\"\" data-asset-id=\"37671\" data-source-id=\"i.0\" \/><\/p>\n<h4 style=\"text-align: center;\"><span style=\"color: #008000;\"><strong>ma\u00e7on <\/strong>et<strong> cultivateur<\/strong><\/span><\/h4>\n<p>&nbsp;<\/p>\n<p style=\"text-align: center;\">n\u00e9 \u00e0 La Grilli\u00e8re (Saint-Junien-la-Breg\u00e8re)<\/p>\n<p style=\"text-align: center;\">le 18 novembre 1855<\/p>\n<p style=\"text-align: center;\">fils de<\/p>\n<p style=\"text-align: center;\">Fran\u00e7ois MALDENT, <span style=\"color: #008000;\"><strong>ma\u00e7on<\/strong><\/span><\/p>\n<p style=\"text-align: center;\">Marie PR\u00c9BOST, cultivatrice<\/p>\n<p style=\"text-align: center;\"><span style=\"color: #ffffff;\">\u25d9<\/span><\/p>\n<p><strong>En 1876<\/strong><em>, Baptiste passe le conseil de r\u00e9vision\u00a0; il est dispens\u00e9 de service actif et vers\u00e9 dans le service auxiliaire pour cause de myopie.<\/em><\/p>\n<p><strong>En 1877<\/strong><em>, il est domestique au Puy, commune de Saint-Junien. Il \u00e9pouse Anne <\/em><strong>POULIER\u00a0<\/strong><em>, servante, le 12 f\u00e9vrier de la m\u00eame ann\u00e9e \u00e0 Saint-Julien-le-Petit (87)<\/em><\/p>\n<p><strong>En 1880<\/strong><em>, il travaille \u00e0 <\/em><span style=\"color: #0000ff;\"><strong>Lyon (69)<\/strong><\/span><em>, et loge 9, rue de Chartres, 3e arrondissement. La m\u00eame ann\u00e9e, il est incarc\u00e9r\u00e9 pour vol pendant huit jours \u00e0 la\u00a0<\/em><strong><em>\u25ba<\/em><a href=\"https:\/\/www.lesmaconsdelacreuse.fr\/annuaires\/wp-content\/uploads\/2020\/08\/PRISON-SAINT-PAUL.png\" target=\"_blank\" rel=\"noopener noreferrer\">prison Saint-Paul<\/a> <\/strong><em>.<\/em><\/p>\n<p><em>Il d\u00e9c\u00e8de le 5 avril <\/em><strong>1915<\/strong><em> \u00e0 Saint-L\u00e9onard-de-Noblat (87) , faubourg de la Libert\u00e9, \u00e2g\u00e9 de 59 ans.<\/em><\/p>\n<p>&nbsp;<\/p>\n","protected":false},"excerpt":{"rendered":"<p>Mis \u00e0 jour le : 29\/04\/2026Baptiste MALDENT Jean MALDENT 1855 \u2013 1915 ma\u00e7on et cultivateur &nbsp; n\u00e9 \u00e0 La Grilli\u00e8re (Saint-Junien-la-Breg\u00e8re) le 18 novembre 1855 fils de Fran\u00e7ois MALDENT, ma\u00e7on Marie PR\u00c9BOST, cultivatrice \u25d9 En 1876, Baptiste passe le conseil de r\u00e9vision\u00a0; il est dispens\u00e9 de service actif et vers\u00e9 dans le service auxiliaire pour ..<\/p>\n<div class=\"clear-fix\"><\/div>\n<p><a href=\"https:\/\/www.lesmaconsdelacreuse.fr\/annuaires\/lettre-m\/m_23\/\" title=\"Lire la suite...\">Lire la suite<\/a><\/p>\n","protected":false},"author":2,"featured_media":0,"comment_status":"closed","ping_status":"closed","sticky":false,"template":"","format":"standard","meta":{"_acf_changed":false,"_exactmetrics_skip_tracking":false,"_exactmetrics_sitenote_active":false,"_exactmetrics_sitenote_note":"","_exactmetrics_sitenote_category":0,"footnotes":""},"categories":[14],"tags":[],"class_list":["post-37672","post","type-post","status-publish","format-standard","hentry","category-lettre-m"],"acf":[],"_links":{"self":[{"href":"https:\/\/www.lesmaconsdelacreuse.fr\/annuaires\/wp-json\/wp\/v2\/posts\/37672","targetHints":{"allow":["GET"]}}],"collection":[{"href":"https:\/\/www.lesmaconsdelacreuse.fr\/annuaires\/wp-json\/wp\/v2\/posts"}],"about":[{"href":"https:\/\/www.lesmaconsdelacreuse.fr\/annuaires\/wp-json\/wp\/v2\/types\/post"}],"author":[{"embeddable":true,"href":"https:\/\/www.lesmaconsdelacreuse.fr\/annuaires\/wp-json\/wp\/v2\/users\/2"}],"replies":[{"embeddable":true,"href":"https:\/\/www.lesmaconsdelacreuse.fr\/annuaires\/wp-json\/wp\/v2\/comments?post=37672"}],"version-history":[{"count":0,"href":"https:\/\/www.lesmaconsdelacreuse.fr\/annuaires\/wp-json\/wp\/v2\/posts\/37672\/revisions"}],"wp:attachment":[{"href":"https:\/\/www.lesmaconsdelacreuse.fr\/annuaires\/wp-json\/wp\/v2\/media?parent=37672"}],"wp:term":[{"taxonomy":"category","embeddable":true,"href":"https:\/\/www.lesmaconsdelacreuse.fr\/annuaires\/wp-json\/wp\/v2\/categories?post=37672"},{"taxonomy":"post_tag","embeddable":true,"href":"https:\/\/www.lesmaconsdelacreuse.fr\/annuaires\/wp-json\/wp\/v2\/tags?post=37672"}],"curies":[{"name":"wp","href":"https:\/\/api.w.org\/{rel}","templated":true}]}}