{"id":37675,"date":"2019-08-04T17:22:37","date_gmt":"2019-08-04T15:22:37","guid":{"rendered":"http:\/\/lesmaconsdelacreuse.fr\/annuaire\/?p=37675"},"modified":"2020-01-20T11:07:48","modified_gmt":"2020-01-20T10:07:48","slug":"m_65","status":"publish","type":"post","link":"https:\/\/www.lesmaconsdelacreuse.fr\/annuaires\/lettre-m\/m_65\/","title":{"rendered":"MAN\u00c9GRIER Jean (1852-1923)"},"content":{"rendered":"<p class=\"last-updated\"><strong>Mis \u00e0 jour le :<\/strong> 29\/04\/2026<\/p><h2 style=\"text-align: center;\"><strong>Jean MAN\u00c9GRIER<\/strong><\/h2>\n<p style=\"text-align: center;\"><strong>1852 &#8211; 1923<\/strong><\/p>\n<p style=\"text-align: center;\"><img decoding=\"async\" title=\"\" src=\"https:\/\/lesmaconsdelacreuse.fr\/annuaire\/wp-content\/uploads\/2019\/08\/image1-1271.jpg\" alt=\"\" data-asset-id=\"37673\" data-source-id=\"i.0\" \/><\/p>\n<h4 style=\"text-align: center;\"><span style=\"color: #008000;\"><strong>ma\u00e7on <\/strong>et<\/span> <span style=\"color: #008000;\"><strong>propri\u00e9taire cultivateur<\/strong><\/span><\/h4>\n<p style=\"text-align: center;\">n\u00e9 \u00e0 Boissieux (Ch\u00e2telus-le-Marcheix)<\/p>\n<p style=\"text-align: center;\">le 25 juillet 1852<\/p>\n<p style=\"text-align: center;\">fils de<\/p>\n<p style=\"text-align: center;\">Gabriel MAN\u00c9GRIER \/ Fran\u00e7oise MOREAU<\/p>\n<p style=\"text-align: center;\">cultivateurs<\/p>\n<p style=\"text-align: center;\"><span style=\"color: #ffffff;\">\u25d9<\/span><\/p>\n<p><em>Jean \u00e9pouse Marie <\/em><strong>TH\u00c8VE<\/strong><em> le 17 mars <\/em><strong>1877<\/strong><em> \u00e0 Morterolles (contrat Bonnenfant \u00e0 Bourganeuf). <\/em><\/p>\n<p><em>Ils habitent d\u2019abord le Breuil, commune de Morterolles. <\/em><\/p>\n<p><strong>En 1881<\/strong><em>, ils sont \u00e0 <\/em><span style=\"color: #0000ff;\"><strong>Clichy (92)<\/strong><\/span><em>, 24, boulevard de la R\u00e9colte. <\/em><\/p>\n<p><em>Ils d\u00e9c\u00e8dent au Breuil\u00a0:<\/em><\/p>\n<ul>\n<li><em>Jean, le 30 octobre <\/em><strong>1923<\/strong><em>, \u00e2g\u00e9 de 71 ans<\/em><\/li>\n<li><em>Marie, le 6 juin <\/em><strong>1934<\/strong><em>, \u00e2g\u00e9e de 82 ans<\/em><\/li>\n<\/ul>\n","protected":false},"excerpt":{"rendered":"<p>Mis \u00e0 jour le : 29\/04\/2026Jean MAN\u00c9GRIER 1852 &#8211; 1923 ma\u00e7on et propri\u00e9taire cultivateur n\u00e9 \u00e0 Boissieux (Ch\u00e2telus-le-Marcheix) le 25 juillet 1852 fils de Gabriel MAN\u00c9GRIER \/ Fran\u00e7oise MOREAU cultivateurs \u25d9 Jean \u00e9pouse Marie TH\u00c8VE le 17 mars 1877 \u00e0 Morterolles (contrat Bonnenfant \u00e0 Bourganeuf). Ils habitent d\u2019abord le Breuil, commune de Morterolles. En 1881, ..<\/p>\n<div class=\"clear-fix\"><\/div>\n<p><a href=\"https:\/\/www.lesmaconsdelacreuse.fr\/annuaires\/lettre-m\/m_65\/\" title=\"Lire la suite...\">Lire la suite<\/a><\/p>\n","protected":false},"author":2,"featured_media":0,"comment_status":"closed","ping_status":"closed","sticky":false,"template":"","format":"standard","meta":{"_acf_changed":false,"_exactmetrics_skip_tracking":false,"_exactmetrics_sitenote_active":false,"_exactmetrics_sitenote_note":"","_exactmetrics_sitenote_category":0,"footnotes":""},"categories":[14],"tags":[],"class_list":["post-37675","post","type-post","status-publish","format-standard","hentry","category-lettre-m"],"acf":[],"_links":{"self":[{"href":"https:\/\/www.lesmaconsdelacreuse.fr\/annuaires\/wp-json\/wp\/v2\/posts\/37675","targetHints":{"allow":["GET"]}}],"collection":[{"href":"https:\/\/www.lesmaconsdelacreuse.fr\/annuaires\/wp-json\/wp\/v2\/posts"}],"about":[{"href":"https:\/\/www.lesmaconsdelacreuse.fr\/annuaires\/wp-json\/wp\/v2\/types\/post"}],"author":[{"embeddable":true,"href":"https:\/\/www.lesmaconsdelacreuse.fr\/annuaires\/wp-json\/wp\/v2\/users\/2"}],"replies":[{"embeddable":true,"href":"https:\/\/www.lesmaconsdelacreuse.fr\/annuaires\/wp-json\/wp\/v2\/comments?post=37675"}],"version-history":[{"count":0,"href":"https:\/\/www.lesmaconsdelacreuse.fr\/annuaires\/wp-json\/wp\/v2\/posts\/37675\/revisions"}],"wp:attachment":[{"href":"https:\/\/www.lesmaconsdelacreuse.fr\/annuaires\/wp-json\/wp\/v2\/media?parent=37675"}],"wp:term":[{"taxonomy":"category","embeddable":true,"href":"https:\/\/www.lesmaconsdelacreuse.fr\/annuaires\/wp-json\/wp\/v2\/categories?post=37675"},{"taxonomy":"post_tag","embeddable":true,"href":"https:\/\/www.lesmaconsdelacreuse.fr\/annuaires\/wp-json\/wp\/v2\/tags?post=37675"}],"curies":[{"name":"wp","href":"https:\/\/api.w.org\/{rel}","templated":true}]}}