{"id":37686,"date":"2019-08-04T17:22:38","date_gmt":"2019-08-04T15:22:38","guid":{"rendered":"http:\/\/lesmaconsdelacreuse.fr\/annuaire\/?p=37686"},"modified":"2020-10-05T17:44:02","modified_gmt":"2020-10-05T15:44:02","slug":"m_95","status":"publish","type":"post","link":"https:\/\/www.lesmaconsdelacreuse.fr\/annuaires\/lettre-m\/m_95\/","title":{"rendered":"MARECHAL Pierre Robert (1913-1976)"},"content":{"rendered":"<p class=\"last-updated\"><strong>Mis \u00e0 jour le :<\/strong> 29\/04\/2026<\/p><h2 style=\"text-align: center;\"><strong>Pierre Robert MAR\u00c9CHAL<\/strong><\/h2>\n<p style=\"text-align: center;\"><strong>1913 &#8211; 1976<\/strong><\/p>\n<h4 style=\"text-align: center;\"><em>\u25ba<\/em><a href=\"https:\/\/www.lesmaconsdelacreuse.fr\/annuaires\/wp-content\/uploads\/2019\/07\/G\u00c9OM\u00c8TRE.png\"><strong><span style=\"color: #008000;\">g\u00e9om\u00e8tre<\/span><\/strong><\/a><\/h4>\n<p>&nbsp;<\/p>\n<p style=\"text-align: center;\">n\u00e9 au bourg de Roy\u00e8re<\/p>\n<p style=\"text-align: center;\">le 18 janvier 1913<\/p>\n<p style=\"text-align: center;\">fils de<\/p>\n<p style=\"text-align: center;\">Louis Charles MAR\u00c9CHAL,<\/p>\n<p style=\"text-align: center;\"><span style=\"color: #000000;\"><strong>\u25ba<\/strong><\/span><a href=\"https:\/\/www.lesmaconsdelacreuse.fr\/annuaires\/wp-content\/uploads\/2019\/08\/AGENT-VOYER.png\" target=\"_blank\" rel=\"noopener noreferrer\"><span style=\"color: #000000;\">agent voyer<\/span><\/a> cantonal<\/p>\n<p style=\"text-align: center;\">Jeanne Marie C\u00e9lestine JEANNETAUD<\/p>\n<p style=\"text-align: center;\"><span style=\"color: #ffffff;\">\u25d9<\/span><\/p>\n<p><strong>En 1933<\/strong><em>, Pierre est engag\u00e9 volontaire.<\/em><\/p>\n<p><em>Il \u00e9pouse Jacqueline <\/em><strong>BARBAUD<\/strong><em> le 5 juillet <\/em><strong>1946<\/strong><em> \u00e0 Limoges.<\/em><\/p>\n<p><em> Il d\u00e9c\u00e8de \u00e0 Gu\u00e9ret le 2 f\u00e9vrier <\/em><strong>1976<\/strong><em>, \u00e2g\u00e9 de 63 ans.<\/em><\/p>\n<p>&nbsp;<\/p>\n","protected":false},"excerpt":{"rendered":"<p>Mis \u00e0 jour le : 29\/04\/2026Pierre Robert MAR\u00c9CHAL 1913 &#8211; 1976 \u25bag\u00e9om\u00e8tre &nbsp; n\u00e9 au bourg de Roy\u00e8re le 18 janvier 1913 fils de Louis Charles MAR\u00c9CHAL, \u25baagent voyer cantonal Jeanne Marie C\u00e9lestine JEANNETAUD \u25d9 En 1933, Pierre est engag\u00e9 volontaire. Il \u00e9pouse Jacqueline BARBAUD le 5 juillet 1946 \u00e0 Limoges. Il d\u00e9c\u00e8de \u00e0 Gu\u00e9ret ..<\/p>\n<div class=\"clear-fix\"><\/div>\n<p><a href=\"https:\/\/www.lesmaconsdelacreuse.fr\/annuaires\/lettre-m\/m_95\/\" title=\"Lire la suite...\">Lire la suite<\/a><\/p>\n","protected":false},"author":2,"featured_media":0,"comment_status":"closed","ping_status":"closed","sticky":false,"template":"","format":"standard","meta":{"_acf_changed":false,"_exactmetrics_skip_tracking":false,"_exactmetrics_sitenote_active":false,"_exactmetrics_sitenote_note":"","_exactmetrics_sitenote_category":0,"footnotes":""},"categories":[14],"tags":[],"class_list":["post-37686","post","type-post","status-publish","format-standard","hentry","category-lettre-m"],"acf":[],"_links":{"self":[{"href":"https:\/\/www.lesmaconsdelacreuse.fr\/annuaires\/wp-json\/wp\/v2\/posts\/37686","targetHints":{"allow":["GET"]}}],"collection":[{"href":"https:\/\/www.lesmaconsdelacreuse.fr\/annuaires\/wp-json\/wp\/v2\/posts"}],"about":[{"href":"https:\/\/www.lesmaconsdelacreuse.fr\/annuaires\/wp-json\/wp\/v2\/types\/post"}],"author":[{"embeddable":true,"href":"https:\/\/www.lesmaconsdelacreuse.fr\/annuaires\/wp-json\/wp\/v2\/users\/2"}],"replies":[{"embeddable":true,"href":"https:\/\/www.lesmaconsdelacreuse.fr\/annuaires\/wp-json\/wp\/v2\/comments?post=37686"}],"version-history":[{"count":0,"href":"https:\/\/www.lesmaconsdelacreuse.fr\/annuaires\/wp-json\/wp\/v2\/posts\/37686\/revisions"}],"wp:attachment":[{"href":"https:\/\/www.lesmaconsdelacreuse.fr\/annuaires\/wp-json\/wp\/v2\/media?parent=37686"}],"wp:term":[{"taxonomy":"category","embeddable":true,"href":"https:\/\/www.lesmaconsdelacreuse.fr\/annuaires\/wp-json\/wp\/v2\/categories?post=37686"},{"taxonomy":"post_tag","embeddable":true,"href":"https:\/\/www.lesmaconsdelacreuse.fr\/annuaires\/wp-json\/wp\/v2\/tags?post=37686"}],"curies":[{"name":"wp","href":"https:\/\/api.w.org\/{rel}","templated":true}]}}