{"id":37688,"date":"2019-08-04T17:22:38","date_gmt":"2019-08-04T15:22:38","guid":{"rendered":"http:\/\/lesmaconsdelacreuse.fr\/annuaire\/?p=37688"},"modified":"2020-09-21T15:05:51","modified_gmt":"2020-09-21T13:05:51","slug":"m_15","status":"publish","type":"post","link":"https:\/\/www.lesmaconsdelacreuse.fr\/annuaires\/lettre-m\/m_15\/","title":{"rendered":"MAISONNIAUX Fran\u00e7ois (1829-1910)"},"content":{"rendered":"<p class=\"last-updated\"><strong>Mis \u00e0 jour le :<\/strong> 29\/04\/2026<\/p><h2 style=\"text-align: center;\"><strong>Fran\u00e7ois MAISONNIAUX<\/strong><\/h2>\n<p style=\"text-align: center;\"><strong>1829 &#8211; 1910<\/strong><\/p>\n<p style=\"text-align: center;\"><img decoding=\"async\" title=\"\" src=\"https:\/\/lesmaconsdelacreuse.fr\/annuaire\/wp-content\/uploads\/2019\/08\/image1-88.png\" alt=\"\" data-source-id=\"i.0\" data-asset-id=\"37685\" \/><\/p>\n<h4 style=\"text-align: center;\"><span style=\"color: #008000;\"><strong>ma\u00e7on <\/strong>et<\/span><strong>\u00a0<\/strong><strong>\u25ba <\/strong><strong><a href=\"https:\/\/www.lesmaconsdelacreuse.fr\/annuaires\/wp-content\/uploads\/2020\/08\/CARRIER.png\" target=\"_blank\" rel=\"noopener noreferrer\"><span style=\"color: #008000;\">carrier<\/span><\/a><\/strong><\/h4>\n<p>&nbsp;<\/p>\n<p style=\"text-align: center;\">n\u00e9 au bourg de Sardent<\/p>\n<p style=\"text-align: center;\">le 3 ao\u00fbt 1829<\/p>\n<p style=\"text-align: center;\">fils de<\/p>\n<p style=\"text-align: center;\">Michel MAISONNIAUX \/ Marie MAILLANT<\/p>\n<p style=\"text-align: center;\">cultivateurs<\/p>\n<p style=\"text-align: center;\"><span style=\"color: #ffffff;\">\u25d9<\/span><\/p>\n<p><em>Fran\u00e7ois, ma\u00e7on, \u00e9pouse Jeanne <\/em><strong>PAQUET <\/strong><em>le 21 d\u00e9cembre <\/em><strong>1871<\/strong><em> \u00e0 Saint-Alpinien (mari\u00e9s sans contrat).<\/em><\/p>\n<p><em>Jeanne d\u00e9c\u00e8de au Grimaudeix, commune de Saint-Alpinien, le 11 septembre <\/em><strong>1882<\/strong><em>, \u00e2g\u00e9e de 59 ans.<\/em><\/p>\n<p><em>Fran\u00e7ois se remarie avec Anne <\/em><strong>DUMY<\/strong><em>, couturi\u00e8re, le 12 novembre <\/em><strong>1883<\/strong><em> au Monteil-au-Vicomte (contrat Toumieux \u00e0 Roy\u00e8re).<\/em><\/p>\n<p><strong>En 1890<\/strong><em>, ils habitent Maison-Rouge, commune du Monteil.<\/em><\/p>\n<p><em>Fran\u00e7ois y d\u00e9c\u00e8de le 25 juin <\/em><strong>1910<\/strong><em>, \u00e2g\u00e9 de 80 ans.<\/em><\/p>\n<p style=\"text-align: center;\"><span style=\"color: #ffffff;\">\u25d9<\/span><\/p>\n<p>&nbsp;<\/p>\n","protected":false},"excerpt":{"rendered":"<p>Mis \u00e0 jour le : 29\/04\/2026Fran\u00e7ois MAISONNIAUX 1829 &#8211; 1910 ma\u00e7on et\u00a0\u25ba carrier &nbsp; n\u00e9 au bourg de Sardent le 3 ao\u00fbt 1829 fils de Michel MAISONNIAUX \/ Marie MAILLANT cultivateurs \u25d9 Fran\u00e7ois, ma\u00e7on, \u00e9pouse Jeanne PAQUET le 21 d\u00e9cembre 1871 \u00e0 Saint-Alpinien (mari\u00e9s sans contrat). Jeanne d\u00e9c\u00e8de au Grimaudeix, commune de Saint-Alpinien, le 11 ..<\/p>\n<div class=\"clear-fix\"><\/div>\n<p><a href=\"https:\/\/www.lesmaconsdelacreuse.fr\/annuaires\/lettre-m\/m_15\/\" title=\"Lire la suite...\">Lire la suite<\/a><\/p>\n","protected":false},"author":2,"featured_media":0,"comment_status":"closed","ping_status":"closed","sticky":false,"template":"","format":"standard","meta":{"_acf_changed":false,"_exactmetrics_skip_tracking":false,"_exactmetrics_sitenote_active":false,"_exactmetrics_sitenote_note":"","_exactmetrics_sitenote_category":0,"footnotes":""},"categories":[14],"tags":[],"class_list":["post-37688","post","type-post","status-publish","format-standard","hentry","category-lettre-m"],"acf":[],"_links":{"self":[{"href":"https:\/\/www.lesmaconsdelacreuse.fr\/annuaires\/wp-json\/wp\/v2\/posts\/37688","targetHints":{"allow":["GET"]}}],"collection":[{"href":"https:\/\/www.lesmaconsdelacreuse.fr\/annuaires\/wp-json\/wp\/v2\/posts"}],"about":[{"href":"https:\/\/www.lesmaconsdelacreuse.fr\/annuaires\/wp-json\/wp\/v2\/types\/post"}],"author":[{"embeddable":true,"href":"https:\/\/www.lesmaconsdelacreuse.fr\/annuaires\/wp-json\/wp\/v2\/users\/2"}],"replies":[{"embeddable":true,"href":"https:\/\/www.lesmaconsdelacreuse.fr\/annuaires\/wp-json\/wp\/v2\/comments?post=37688"}],"version-history":[{"count":0,"href":"https:\/\/www.lesmaconsdelacreuse.fr\/annuaires\/wp-json\/wp\/v2\/posts\/37688\/revisions"}],"wp:attachment":[{"href":"https:\/\/www.lesmaconsdelacreuse.fr\/annuaires\/wp-json\/wp\/v2\/media?parent=37688"}],"wp:term":[{"taxonomy":"category","embeddable":true,"href":"https:\/\/www.lesmaconsdelacreuse.fr\/annuaires\/wp-json\/wp\/v2\/categories?post=37688"},{"taxonomy":"post_tag","embeddable":true,"href":"https:\/\/www.lesmaconsdelacreuse.fr\/annuaires\/wp-json\/wp\/v2\/tags?post=37688"}],"curies":[{"name":"wp","href":"https:\/\/api.w.org\/{rel}","templated":true}]}}