{"id":37692,"date":"2019-08-04T17:22:38","date_gmt":"2019-08-04T15:22:38","guid":{"rendered":"http:\/\/lesmaconsdelacreuse.fr\/annuaire\/?p=37692"},"modified":"2020-01-20T11:07:47","modified_gmt":"2020-01-20T10:07:47","slug":"m_96","status":"publish","type":"post","link":"https:\/\/www.lesmaconsdelacreuse.fr\/annuaires\/lettre-m\/m_96\/","title":{"rendered":"MARGAINAUD L\u00e9on Am\u00e9d\u00e9e (1888-1914)"},"content":{"rendered":"<p class=\"last-updated\"><strong>Mis \u00e0 jour le :<\/strong> 29\/04\/2026<\/p><h2 style=\"text-align: center;\"><strong>L\u00e9on Am\u00e9d\u00e9e MARGAINAUD<\/strong><\/h2>\n<p style=\"text-align: center;\"><strong>1888 &#8211; 1914<\/strong><\/p>\n<p style=\"text-align: center;\"><img loading=\"lazy\" decoding=\"async\" class=\"\" title=\"\" src=\"https:\/\/lesmaconsdelacreuse.fr\/annuaire\/wp-content\/uploads\/2019\/08\/image1-1277.jpg\" alt=\"\" width=\"288\" height=\"81\" data-asset-id=\"37691\" data-source-id=\"i.0\" \/><\/p>\n<h4 style=\"text-align: center;\"><span style=\"color: #008000;\"><strong>ma\u00e7on<\/strong><\/span><\/h4>\n<p style=\"text-align: center;\">n\u00e9 \u00e0 Champeau (Saint-Amand-le-Petit &#8211; 87)<\/p>\n<p style=\"text-align: center;\">le 20 f\u00e9vrier 1888<\/p>\n<p style=\"text-align: center;\">fils de<\/p>\n<p style=\"text-align: center;\">Pierre MARGAINAUD \/ Marie MAZAL\u00c9RAT<\/p>\n<p style=\"text-align: center;\">cultivateurs<\/p>\n<p style=\"text-align: center;\"><span style=\"color: #ffffff;\">\u25d9<\/span><\/p>\n<p><strong>En 1909<\/strong><em>, L\u00e9on domicili\u00e9 \u00e0 Roy\u00e8re avec ses parents, travaille dans le <\/em><strong><span style=\"color: #0000ff;\">Rh\u00f4ne<\/span> <span style=\"color: #0000ff;\">(69)<\/span><\/strong><em> et y passe le conseil de r\u00e9vision.<\/em><\/p>\n<p><strong>En 1913<\/strong><em>, il est \u00e0 <\/em><span style=\"color: #0000ff;\"><strong>Flamanville (50)<\/strong><\/span><em>\u00a0;<\/em><\/p>\n<p><strong>d\u00e9but 1914<\/strong><em>, \u00e0 <\/em><span style=\"color: #0000ff;\"><strong>Montreuil-sous-Bois (93)<\/strong><\/span><em>, 89, rue Saint-Mand\u00e9. <\/em><\/p>\n<p><em>Caporal au 4e R\u00e9giment de G\u00e9nie, il d\u00e9c\u00e8de de fi\u00e8vre typho\u00efde le 26 d\u00e9cembre <\/em><strong>1914<\/strong><em>, \u00e2g\u00e9 de 26 ans \u00e0 l\u2019h\u00f4pital des contagieux de Bar-le-Duc (55).<\/em><\/p>\n<p><em> Il est enterr\u00e9 \u00e0 la n\u00e9cropole nationale de Bar-le-Duc.<\/em><\/p>\n","protected":false},"excerpt":{"rendered":"<p>Mis \u00e0 jour le : 29\/04\/2026L\u00e9on Am\u00e9d\u00e9e MARGAINAUD 1888 &#8211; 1914 ma\u00e7on n\u00e9 \u00e0 Champeau (Saint-Amand-le-Petit &#8211; 87) le 20 f\u00e9vrier 1888 fils de Pierre MARGAINAUD \/ Marie MAZAL\u00c9RAT cultivateurs \u25d9 En 1909, L\u00e9on domicili\u00e9 \u00e0 Roy\u00e8re avec ses parents, travaille dans le Rh\u00f4ne (69) et y passe le conseil de r\u00e9vision. En 1913, il ..<\/p>\n<div class=\"clear-fix\"><\/div>\n<p><a href=\"https:\/\/www.lesmaconsdelacreuse.fr\/annuaires\/lettre-m\/m_96\/\" title=\"Lire la suite...\">Lire la suite<\/a><\/p>\n","protected":false},"author":2,"featured_media":0,"comment_status":"closed","ping_status":"closed","sticky":false,"template":"","format":"standard","meta":{"_acf_changed":false,"_exactmetrics_skip_tracking":false,"_exactmetrics_sitenote_active":false,"_exactmetrics_sitenote_note":"","_exactmetrics_sitenote_category":0,"footnotes":""},"categories":[14],"tags":[],"class_list":["post-37692","post","type-post","status-publish","format-standard","hentry","category-lettre-m"],"acf":[],"_links":{"self":[{"href":"https:\/\/www.lesmaconsdelacreuse.fr\/annuaires\/wp-json\/wp\/v2\/posts\/37692","targetHints":{"allow":["GET"]}}],"collection":[{"href":"https:\/\/www.lesmaconsdelacreuse.fr\/annuaires\/wp-json\/wp\/v2\/posts"}],"about":[{"href":"https:\/\/www.lesmaconsdelacreuse.fr\/annuaires\/wp-json\/wp\/v2\/types\/post"}],"author":[{"embeddable":true,"href":"https:\/\/www.lesmaconsdelacreuse.fr\/annuaires\/wp-json\/wp\/v2\/users\/2"}],"replies":[{"embeddable":true,"href":"https:\/\/www.lesmaconsdelacreuse.fr\/annuaires\/wp-json\/wp\/v2\/comments?post=37692"}],"version-history":[{"count":0,"href":"https:\/\/www.lesmaconsdelacreuse.fr\/annuaires\/wp-json\/wp\/v2\/posts\/37692\/revisions"}],"wp:attachment":[{"href":"https:\/\/www.lesmaconsdelacreuse.fr\/annuaires\/wp-json\/wp\/v2\/media?parent=37692"}],"wp:term":[{"taxonomy":"category","embeddable":true,"href":"https:\/\/www.lesmaconsdelacreuse.fr\/annuaires\/wp-json\/wp\/v2\/categories?post=37692"},{"taxonomy":"post_tag","embeddable":true,"href":"https:\/\/www.lesmaconsdelacreuse.fr\/annuaires\/wp-json\/wp\/v2\/tags?post=37692"}],"curies":[{"name":"wp","href":"https:\/\/api.w.org\/{rel}","templated":true}]}}