{"id":37694,"date":"2019-08-04T17:22:38","date_gmt":"2019-08-04T15:22:38","guid":{"rendered":"http:\/\/lesmaconsdelacreuse.fr\/annuaire\/?p=37694"},"modified":"2022-04-16T13:08:39","modified_gmt":"2022-04-16T11:08:39","slug":"m_105","status":"publish","type":"post","link":"https:\/\/www.lesmaconsdelacreuse.fr\/annuaires\/lettre-m\/m_105\/","title":{"rendered":"MARG\u00c9RIDON Jean (1820-1860)"},"content":{"rendered":"<p class=\"last-updated\"><strong>Mis \u00e0 jour le :<\/strong> 29\/04\/2026<\/p><h2 style=\"text-align: center;\"><strong>Jean MARG\u00c9RIDON<\/strong><\/h2>\n<p style=\"text-align: center;\"><strong>dit Brissoux<\/strong><\/p>\n<p style=\"text-align: center;\"><strong>1820 &#8211; 1860<\/strong><\/p>\n<p style=\"text-align: center;\"><img decoding=\"async\" title=\"\" src=\"https:\/\/lesmaconsdelacreuse.fr\/annuaire\/wp-content\/uploads\/2019\/08\/image1-1278.jpg\" alt=\"\" data-asset-id=\"37693\" data-source-id=\"i.0\" \/><\/p>\n<h4 style=\"text-align: center;\"><span style=\"color: #008000;\"><strong>ma\u00e7on<\/strong><\/span><\/h4>\n<p style=\"text-align: center;\">n\u00e9 \u00e0 La Villatte (Saint-Pierre-le-Bost)<\/p>\n<p style=\"text-align: center;\">le 18 janvier 1820<\/p>\n<p style=\"text-align: center;\">fils de<\/p>\n<p style=\"text-align: center;\">Gabriel MARG\u00c9RIDON, <span style=\"color: #008000;\"><strong>ma\u00e7on<\/strong><\/span><\/p>\n<p style=\"text-align: center;\">Louise LEMA\u00c7ON, cultivatrice<\/p>\n<p style=\"text-align: center;\"><span style=\"color: #ffffff;\">\u25d9<\/span><\/p>\n<p><strong>En 1841<\/strong><em>, Jean est dispens\u00e9 de service militaire ayant un fr\u00e8re militaire en activit\u00e9 de service au 43e de ligne.<\/em><\/p>\n<p><em>Il \u00e9pouse \u00e0 <\/em><span style=\"color: #0000ff;\"><strong>Lyon (69) <\/strong><\/span><em>le 4 juillet <\/em><strong>1843<\/strong><em> Antoinette <\/em><strong>MERLIER<\/strong><em>, repasseuse.<\/em><\/p>\n<p><strong>En 1844 et 1848<\/strong><em>, le couple habite 17, c\u00f4te Saint-S\u00e9bastien, 1er arrondissement\u00a0; <\/em><\/p>\n<p><strong>en 1860<\/strong><em>, au 14.<\/em><\/p>\n<p><em>Ils d\u00e9c\u00e8dent\u00a0:<\/em><\/p>\n<ul>\n<li><em>Jean \u00e0 cette derni\u00e8re adresse, le 29 mai de la m\u00eame ann\u00e9e, \u00e2g\u00e9 de 40 ans<\/em><\/li>\n<li><em>Antoinette, \u00e0 \u00c9crille (39), le 12 d\u00e9cembre <\/em><strong>1907<\/strong><em>, \u00e2g\u00e9e de 86 ans<\/em><\/li>\n<\/ul>\n","protected":false},"excerpt":{"rendered":"<p>Mis \u00e0 jour le : 29\/04\/2026Jean MARG\u00c9RIDON dit Brissoux 1820 &#8211; 1860 ma\u00e7on n\u00e9 \u00e0 La Villatte (Saint-Pierre-le-Bost) le 18 janvier 1820 fils de Gabriel MARG\u00c9RIDON, ma\u00e7on Louise LEMA\u00c7ON, cultivatrice \u25d9 En 1841, Jean est dispens\u00e9 de service militaire ayant un fr\u00e8re militaire en activit\u00e9 de service au 43e de ligne. Il \u00e9pouse \u00e0 Lyon ..<\/p>\n<div class=\"clear-fix\"><\/div>\n<p><a href=\"https:\/\/www.lesmaconsdelacreuse.fr\/annuaires\/lettre-m\/m_105\/\" title=\"Lire la suite...\">Lire la suite<\/a><\/p>\n","protected":false},"author":2,"featured_media":0,"comment_status":"closed","ping_status":"closed","sticky":false,"template":"","format":"standard","meta":{"_acf_changed":false,"_exactmetrics_skip_tracking":false,"_exactmetrics_sitenote_active":false,"_exactmetrics_sitenote_note":"","_exactmetrics_sitenote_category":0,"footnotes":""},"categories":[14],"tags":[],"class_list":["post-37694","post","type-post","status-publish","format-standard","hentry","category-lettre-m"],"acf":[],"_links":{"self":[{"href":"https:\/\/www.lesmaconsdelacreuse.fr\/annuaires\/wp-json\/wp\/v2\/posts\/37694","targetHints":{"allow":["GET"]}}],"collection":[{"href":"https:\/\/www.lesmaconsdelacreuse.fr\/annuaires\/wp-json\/wp\/v2\/posts"}],"about":[{"href":"https:\/\/www.lesmaconsdelacreuse.fr\/annuaires\/wp-json\/wp\/v2\/types\/post"}],"author":[{"embeddable":true,"href":"https:\/\/www.lesmaconsdelacreuse.fr\/annuaires\/wp-json\/wp\/v2\/users\/2"}],"replies":[{"embeddable":true,"href":"https:\/\/www.lesmaconsdelacreuse.fr\/annuaires\/wp-json\/wp\/v2\/comments?post=37694"}],"version-history":[{"count":2,"href":"https:\/\/www.lesmaconsdelacreuse.fr\/annuaires\/wp-json\/wp\/v2\/posts\/37694\/revisions"}],"predecessor-version":[{"id":197764,"href":"https:\/\/www.lesmaconsdelacreuse.fr\/annuaires\/wp-json\/wp\/v2\/posts\/37694\/revisions\/197764"}],"wp:attachment":[{"href":"https:\/\/www.lesmaconsdelacreuse.fr\/annuaires\/wp-json\/wp\/v2\/media?parent=37694"}],"wp:term":[{"taxonomy":"category","embeddable":true,"href":"https:\/\/www.lesmaconsdelacreuse.fr\/annuaires\/wp-json\/wp\/v2\/categories?post=37694"},{"taxonomy":"post_tag","embeddable":true,"href":"https:\/\/www.lesmaconsdelacreuse.fr\/annuaires\/wp-json\/wp\/v2\/tags?post=37694"}],"curies":[{"name":"wp","href":"https:\/\/api.w.org\/{rel}","templated":true}]}}