{"id":37697,"date":"2019-08-04T17:22:38","date_gmt":"2019-08-04T15:22:38","guid":{"rendered":"http:\/\/lesmaconsdelacreuse.fr\/annuaire\/?p=37697"},"modified":"2020-09-23T08:10:57","modified_gmt":"2020-09-23T06:10:57","slug":"m_87","status":"publish","type":"post","link":"https:\/\/www.lesmaconsdelacreuse.fr\/annuaires\/lettre-m\/m_87\/","title":{"rendered":"MARCILLAC \u00c9tienne (1869\u2013apr\u00e8s 1946)"},"content":{"rendered":"<p class=\"last-updated\"><strong>Mis \u00e0 jour le :<\/strong> 29\/04\/2026<\/p><h2 style=\"text-align: center;\"><strong>\u00c9tienne MARCILLAC<\/strong><\/h2>\n<p style=\"text-align: center;\"><strong>1869 \u2013 apr\u00e8s 1946<\/strong><\/p>\n<p style=\"text-align: center;\"><img loading=\"lazy\" decoding=\"async\" class=\"\" title=\"\" src=\"https:\/\/lesmaconsdelacreuse.fr\/annuaire\/wp-content\/uploads\/2019\/08\/image1-1279.jpg\" alt=\"\" width=\"452\" height=\"53\" data-asset-id=\"37695\" data-source-id=\"i.0\" \/><\/p>\n<h4 style=\"text-align: center;\"><span style=\"color: #008000;\"><strong>ma\u00e7on<\/strong><\/span><\/h4>\n<p>&nbsp;<\/p>\n<p style=\"text-align: center;\">n\u00e9 \u00e0 Buze (Saint-Pardoux-Lavaud)<\/p>\n<p style=\"text-align: center;\">le 24 septembre 1869<\/p>\n<p style=\"text-align: center;\">fils de<\/p>\n<p style=\"text-align: center;\">Jacques MARCILLAC, <span style=\"color: #008000;\"><strong>ma\u00e7on<\/strong><\/span><\/p>\n<p style=\"text-align: center;\">Marie SENY, cultivatrice<\/p>\n<p style=\"text-align: center;\"><span style=\"color: #ffffff;\">\u25d9<\/span><\/p>\n<p><strong>En 1890<\/strong><em>, \u00c9tienne travaille dans le <\/em><span style=\"color: #0000ff;\"><strong>Rh\u00f4ne <\/strong><\/span><em>et y passe le conseil de r\u00e9vision.<\/em><\/p>\n<p><em>Il \u00e9pouse Marie <\/em><strong>COULAUD<\/strong><em> le 30 d\u00e9cembre <\/em><strong>1893<\/strong><em> \u00e0 Saint-Pardoux (contrat Va\u00efsse \u00e0 Bourganeuf). Le couple habite Buze. <\/em><\/p>\n<p><strong>En 1894<\/strong><em>, \u00c9tienne travaille \u00e0 <\/em><span style=\"color: #0000ff;\"><strong>Oullins (69)<\/strong><\/span><em>, et loge 2, rue du Perron\u00a0;<\/em><\/p>\n<p><strong>en 1899<\/strong><em>, \u00e0 <\/em><span style=\"color: #0000ff;\"><strong>Lyon (69)<\/strong><\/span><em>, 4, rue des Basses Verch\u00e8res\u00a0;<\/em><\/p>\n<p><strong>en 1901<\/strong><em>, 16, rue des Anges\u00a0;<\/em><\/p>\n<p><strong>en 1904<\/strong><em><strong>,<\/strong> \u00e0 Villeboy, commune de <\/em><strong><span style=\"color: #0000ff;\">Lagnieu (01)<\/span>\u00a0<\/strong><em>;<\/em><\/p>\n<p><strong>en 1906<\/strong> et \u25ba<a href=\"https:\/\/www.lesmaconsdelacreuse.fr\/annuaires\/\/wp-content\/uploads\/DOCUMENTS\/1920_-_Frederic_MARCILLAC_a_Saint-Sorlin_-_Etienne,%20son%20fr\u00e8re,%20\u00e0%20Oullins.pdf\" target=\"_blank\" rel=\"noopener noreferrer\"><strong><span style=\"color: #000000;\">1920<\/span><\/strong><\/a><em>, de nouveau \u00e0 Oullins, adresse de 1894. <\/em><\/p>\n<p>\u25ba <a href=\"https:\/\/www.lesmaconsdelacreuse.fr\/annuaires\/wp-content\/uploads\/2020\/05\/1931-Achat-par-Etienne-MARCILLAC-et-son-\u00e9pouse.jpg\" target=\"_blank\" rel=\"noopener noreferrer\">En 1931<\/a><em>,<\/em> <em>il ach\u00e8te un fonds de commerce avec son \u00e9pouse.<\/em><\/p>\n<p><em>Marie d\u00e9c\u00e8de \u00e0 Buze le 12 novembre <\/em><strong>1946<\/strong><em>, \u00e2g\u00e9e de 75 ans. <\/em><\/p>\n<p>&nbsp;<\/p>\n","protected":false},"excerpt":{"rendered":"<p>Mis \u00e0 jour le : 29\/04\/2026\u00c9tienne MARCILLAC 1869 \u2013 apr\u00e8s 1946 ma\u00e7on &nbsp; n\u00e9 \u00e0 Buze (Saint-Pardoux-Lavaud) le 24 septembre 1869 fils de Jacques MARCILLAC, ma\u00e7on Marie SENY, cultivatrice \u25d9 En 1890, \u00c9tienne travaille dans le Rh\u00f4ne et y passe le conseil de r\u00e9vision. Il \u00e9pouse Marie COULAUD le 30 d\u00e9cembre 1893 \u00e0 Saint-Pardoux (contrat ..<\/p>\n<div class=\"clear-fix\"><\/div>\n<p><a href=\"https:\/\/www.lesmaconsdelacreuse.fr\/annuaires\/lettre-m\/m_87\/\" title=\"Lire la suite...\">Lire la suite<\/a><\/p>\n","protected":false},"author":2,"featured_media":0,"comment_status":"closed","ping_status":"closed","sticky":false,"template":"","format":"standard","meta":{"_acf_changed":false,"_exactmetrics_skip_tracking":false,"_exactmetrics_sitenote_active":false,"_exactmetrics_sitenote_note":"","_exactmetrics_sitenote_category":0,"footnotes":""},"categories":[14],"tags":[],"class_list":["post-37697","post","type-post","status-publish","format-standard","hentry","category-lettre-m"],"acf":[],"_links":{"self":[{"href":"https:\/\/www.lesmaconsdelacreuse.fr\/annuaires\/wp-json\/wp\/v2\/posts\/37697","targetHints":{"allow":["GET"]}}],"collection":[{"href":"https:\/\/www.lesmaconsdelacreuse.fr\/annuaires\/wp-json\/wp\/v2\/posts"}],"about":[{"href":"https:\/\/www.lesmaconsdelacreuse.fr\/annuaires\/wp-json\/wp\/v2\/types\/post"}],"author":[{"embeddable":true,"href":"https:\/\/www.lesmaconsdelacreuse.fr\/annuaires\/wp-json\/wp\/v2\/users\/2"}],"replies":[{"embeddable":true,"href":"https:\/\/www.lesmaconsdelacreuse.fr\/annuaires\/wp-json\/wp\/v2\/comments?post=37697"}],"version-history":[{"count":0,"href":"https:\/\/www.lesmaconsdelacreuse.fr\/annuaires\/wp-json\/wp\/v2\/posts\/37697\/revisions"}],"wp:attachment":[{"href":"https:\/\/www.lesmaconsdelacreuse.fr\/annuaires\/wp-json\/wp\/v2\/media?parent=37697"}],"wp:term":[{"taxonomy":"category","embeddable":true,"href":"https:\/\/www.lesmaconsdelacreuse.fr\/annuaires\/wp-json\/wp\/v2\/categories?post=37697"},{"taxonomy":"post_tag","embeddable":true,"href":"https:\/\/www.lesmaconsdelacreuse.fr\/annuaires\/wp-json\/wp\/v2\/tags?post=37697"}],"curies":[{"name":"wp","href":"https:\/\/api.w.org\/{rel}","templated":true}]}}