{"id":37698,"date":"2019-08-04T17:22:38","date_gmt":"2019-08-04T15:22:38","guid":{"rendered":"http:\/\/lesmaconsdelacreuse.fr\/annuaire\/?p=37698"},"modified":"2020-01-20T11:07:47","modified_gmt":"2020-01-20T10:07:47","slug":"m_31","status":"publish","type":"post","link":"https:\/\/www.lesmaconsdelacreuse.fr\/annuaires\/lettre-m\/m_31\/","title":{"rendered":"MALEDENT Gabriel (1723\u20131788)"},"content":{"rendered":"<p class=\"last-updated\"><strong>Mis \u00e0 jour le :<\/strong> 29\/04\/2026<\/p><h2 style=\"text-align: center;\"><strong>Gabriel MALEDENT<\/strong><\/h2>\n<p style=\"text-align: center;\"><strong>1723 \u2013 1788<\/strong><\/p>\n<p style=\"text-align: center;\"><img decoding=\"async\" title=\"\" src=\"https:\/\/lesmaconsdelacreuse.fr\/annuaire\/wp-content\/uploads\/2019\/08\/image1-1280.jpg\" alt=\"\" data-asset-id=\"37696\" data-source-id=\"i.0\" \/><\/p>\n<h4 style=\"text-align: center;\"><span style=\"color: #008000;\"><strong>ma\u00e7on <\/strong>et<strong> laboureur<\/strong><\/span><\/h4>\n<p style=\"text-align: center;\">n\u00e9 \u00e0 Jeansanetas (Roy\u00e8re)<\/p>\n<p style=\"text-align: center;\">le 4 d\u00e9cembre 1723<\/p>\n<p style=\"text-align: center;\">fils de<\/p>\n<p style=\"text-align: center;\">Joseph MALEDENT \/ Anne PEYTOUNAUD<\/p>\n<p style=\"text-align: center;\">laboureurs<\/p>\n<p style=\"text-align: center;\"><span style=\"color: #ffffff;\">\u25d9<\/span><\/p>\n<p><em>Gabriel \u00e9pouse Marguerite <\/em><strong>CHINCOUT<\/strong><em> le 25 f\u00e9vrier <\/em><strong>1743<\/strong><em> \u00e0 Roy\u00e8re.<\/em><\/p>\n<p><em> Ils habitent Jeansanetas.<\/em><\/p>\n<p><em>Ils y d\u00e9c\u00e8dent, et sont inhum\u00e9s \u00e0 Roy\u00e8re\u00a0:<\/em><\/p>\n<ul>\n<li><em>Marguerite, le 13 septembre <\/em><strong>1782<\/strong><em>, \u00e2g\u00e9e de 55 ans<\/em><\/li>\n<li><em>Gabriel, le 22 ao\u00fbt <\/em><strong>1788<\/strong><em>, \u00e2g\u00e9 de 64 ans, apr\u00e8s avoir test\u00e9 le 27 juin pr\u00e9c\u00e9dent devant Me Coutisson de Roy\u00e8re<\/em><\/li>\n<\/ul>\n","protected":false},"excerpt":{"rendered":"<p>Mis \u00e0 jour le : 29\/04\/2026Gabriel MALEDENT 1723 \u2013 1788 ma\u00e7on et laboureur n\u00e9 \u00e0 Jeansanetas (Roy\u00e8re) le 4 d\u00e9cembre 1723 fils de Joseph MALEDENT \/ Anne PEYTOUNAUD laboureurs \u25d9 Gabriel \u00e9pouse Marguerite CHINCOUT le 25 f\u00e9vrier 1743 \u00e0 Roy\u00e8re. Ils habitent Jeansanetas. Ils y d\u00e9c\u00e8dent, et sont inhum\u00e9s \u00e0 Roy\u00e8re\u00a0: Marguerite, le 13 septembre ..<\/p>\n<div class=\"clear-fix\"><\/div>\n<p><a href=\"https:\/\/www.lesmaconsdelacreuse.fr\/annuaires\/lettre-m\/m_31\/\" title=\"Lire la suite...\">Lire la suite<\/a><\/p>\n","protected":false},"author":2,"featured_media":0,"comment_status":"closed","ping_status":"closed","sticky":false,"template":"","format":"standard","meta":{"_acf_changed":false,"_exactmetrics_skip_tracking":false,"_exactmetrics_sitenote_active":false,"_exactmetrics_sitenote_note":"","_exactmetrics_sitenote_category":0,"footnotes":""},"categories":[14],"tags":[],"class_list":["post-37698","post","type-post","status-publish","format-standard","hentry","category-lettre-m"],"acf":[],"_links":{"self":[{"href":"https:\/\/www.lesmaconsdelacreuse.fr\/annuaires\/wp-json\/wp\/v2\/posts\/37698","targetHints":{"allow":["GET"]}}],"collection":[{"href":"https:\/\/www.lesmaconsdelacreuse.fr\/annuaires\/wp-json\/wp\/v2\/posts"}],"about":[{"href":"https:\/\/www.lesmaconsdelacreuse.fr\/annuaires\/wp-json\/wp\/v2\/types\/post"}],"author":[{"embeddable":true,"href":"https:\/\/www.lesmaconsdelacreuse.fr\/annuaires\/wp-json\/wp\/v2\/users\/2"}],"replies":[{"embeddable":true,"href":"https:\/\/www.lesmaconsdelacreuse.fr\/annuaires\/wp-json\/wp\/v2\/comments?post=37698"}],"version-history":[{"count":0,"href":"https:\/\/www.lesmaconsdelacreuse.fr\/annuaires\/wp-json\/wp\/v2\/posts\/37698\/revisions"}],"wp:attachment":[{"href":"https:\/\/www.lesmaconsdelacreuse.fr\/annuaires\/wp-json\/wp\/v2\/media?parent=37698"}],"wp:term":[{"taxonomy":"category","embeddable":true,"href":"https:\/\/www.lesmaconsdelacreuse.fr\/annuaires\/wp-json\/wp\/v2\/categories?post=37698"},{"taxonomy":"post_tag","embeddable":true,"href":"https:\/\/www.lesmaconsdelacreuse.fr\/annuaires\/wp-json\/wp\/v2\/tags?post=37698"}],"curies":[{"name":"wp","href":"https:\/\/api.w.org\/{rel}","templated":true}]}}